{"id":132844,"date":"2020-06-16T11:02:30","date_gmt":"2020-06-16T09:02:30","guid":{"rendered":"http:\/\/polishscience.pl\/?p=132844"},"modified":"2020-06-16T18:07:55","modified_gmt":"2020-06-16T16:07:55","slug":"un-profesor-de-la-academia-de-arte-de-szczecin-es-ganador-de-grand-press-photo","status":"publish","type":"post","link":"https:\/\/www.polishscience.pl\/es\/un-profesor-de-la-academia-de-arte-de-szczecin-es-ganador-de-grand-press-photo\/","title":{"rendered":"Un profesor de la Academia de Arte de Szczecin es ganador de Grand Press Photo"},"content":{"rendered":"<p><strong>El Dr. Tomasz Lazar, profesor de la Academia de las Artes de Szczecin, se convirti\u00f3 en el ganador de Grand Press Photo. Obtuvo el segundo lugar en la categor\u00eda de \u00abvida cotidiana\u00bb por un fotoperiodismo que muestra c\u00f3mo la pandemia COVID-19 ha cambiado la vida en Polonia.<br \/>\n<\/strong><\/p>\n<p>El Dr. Lazar es el jefe del estudio de fotoperiodismo en el Departamento de Nuevos Medios, Fotograf\u00eda y Cine de la Facultad de Artes de los Medios. Se gradu\u00f3 en ciencias de la computaci\u00f3n por la Universidad Tecnol\u00f3gica de Pomerania Occidental y por la Academia Europea de Fotograf\u00eda de Varsovia. Es miembro de la Uni\u00f3n de Fot\u00f3grafos Artistas Polacos y de un grupo de fot\u00f3grafos Un-posed.<\/p>\n<p>El galardonado ha completado numerosos \u00e9xitos, incluidos nominaci\u00f3n en la categor\u00eda \u00abDeeper Perspective Photographer of the Year\u00bb en el concurso International Photography Award, as\u00ed como premios: Sony World Photography Award, International Photography Award, BZWBK Press Photo, Grand Press Photo, Grand Prix Fotofestiwal en \u0141\u00f3d\u017a. Obtuvo el segundo lugar en la competencia World Press Photo 2012 en la categor\u00eda \u00abPeople in the News\u00bb.<\/p>\n","protected":false},"excerpt":{"rendered":"<p>El Dr. Tomasz Lazar, profesor de la Academia de las Artes de Szczecin, se convirti\u00f3 en el ganador de Grand Press Photo. Obtuvo el segundo lugar en la categor\u00eda de \u00abvida cotidiana\u00bb por un fotoperiodismo que muestra c\u00f3mo la pandemia COVID-19 ha cambiado la vida en Polonia. El Dr. Lazar es el jefe del estudio [&hellip;]<\/p>\n","protected":false},"author":6,"featured_media":0,"comment_status":"closed","ping_status":"closed","sticky":false,"template":"","format":"standard","meta":[],"categories":[81],"tags":[],"_links":{"self":[{"href":"https:\/\/www.polishscience.pl\/es\/wp-json\/wp\/v2\/posts\/132844"}],"collection":[{"href":"https:\/\/www.polishscience.pl\/es\/wp-json\/wp\/v2\/posts"}],"about":[{"href":"https:\/\/www.polishscience.pl\/es\/wp-json\/wp\/v2\/types\/post"}],"author":[{"embeddable":true,"href":"https:\/\/www.polishscience.pl\/es\/wp-json\/wp\/v2\/users\/6"}],"replies":[{"embeddable":true,"href":"https:\/\/www.polishscience.pl\/es\/wp-json\/wp\/v2\/comments?post=132844"}],"version-history":[{"count":0,"href":"https:\/\/www.polishscience.pl\/es\/wp-json\/wp\/v2\/posts\/132844\/revisions"}],"wp:attachment":[{"href":"https:\/\/www.polishscience.pl\/es\/wp-json\/wp\/v2\/media?parent=132844"}],"wp:term":[{"taxonomy":"category","embeddable":true,"href":"https:\/\/www.polishscience.pl\/es\/wp-json\/wp\/v2\/categories?post=132844"},{"taxonomy":"post_tag","embeddable":true,"href":"https:\/\/www.polishscience.pl\/es\/wp-json\/wp\/v2\/tags?post=132844"}],"curies":[{"name":"wp","href":"https:\/\/api.w.org\/{rel}","templated":true}]}}