{"id":132106,"date":"2020-06-10T13:23:12","date_gmt":"2020-06-10T11:23:12","guid":{"rendered":"http:\/\/polishscience.pl\/?p=132106"},"modified":"2020-06-10T16:27:47","modified_gmt":"2020-06-10T14:27:47","slug":"dia-internacional-del-electricista","status":"publish","type":"post","link":"https:\/\/www.polishscience.pl\/es\/dia-internacional-del-electricista\/","title":{"rendered":"Dia Internacional del Electricista"},"content":{"rendered":"<p><strong>El 10 de junio, a partir de 1986, se celebra el D\u00eda Internacional del Electricista cuyo objetivo es promover el trabajo de todos los ingenieros, t\u00e9cnicos y otros profesionales involucrados en la ingenier\u00eda el\u00e9ctrica.<\/strong><\/p>\n<p>El D\u00eda Internacional del Electricista fue establecido por la Junta Principal de la Asociaci\u00f3n de Electricistas Polacos (SEP) para conmemorar el 150 aniversario de la muerte del destacado cient\u00edfico Andr\u00e9 Marie Amp\u00e8re (1775-1836), un f\u00edsico y matem\u00e1tico franc\u00e9s conocido por sus descubrimientos en los campos del magnetismo, el electromagnetismo y electricidad.<\/p>\n<p>Las celebraciones de este a\u00f1o, debido a la epidemia de coronavirus, se realizar\u00e1n en forma de videoconferencia. Habr\u00e1 conferencias de cient\u00edficos de Polonia, Francia y EE. UU. sobre problemas el\u00e9ctricos seleccionados y la presentaci\u00f3n del perfil del profesor J\u00f3zef W\u0119glarz, que es el patrocinador SEP 2020. Tambi\u00e9n se anunciar\u00e1n los resultados del concurso por el Club de Ciencia SEP m\u00e1s activo y el Concurso Mieczys\u0142aw Po\u017caryski por el mejor art\u00edculo en la prensa t\u00e9cnica de SEP.<\/p>\n","protected":false},"excerpt":{"rendered":"<p>El 10 de junio, a partir de 1986, se celebra el D\u00eda Internacional del Electricista cuyo objetivo es promover el trabajo de todos los ingenieros, t\u00e9cnicos y otros profesionales involucrados en la ingenier\u00eda el\u00e9ctrica. El D\u00eda Internacional del Electricista fue establecido por la Junta Principal de la Asociaci\u00f3n de Electricistas Polacos (SEP) para conmemorar el [&hellip;]<\/p>\n","protected":false},"author":6,"featured_media":0,"comment_status":"closed","ping_status":"closed","sticky":false,"template":"","format":"standard","meta":[],"categories":[81],"tags":[],"_links":{"self":[{"href":"https:\/\/www.polishscience.pl\/es\/wp-json\/wp\/v2\/posts\/132106"}],"collection":[{"href":"https:\/\/www.polishscience.pl\/es\/wp-json\/wp\/v2\/posts"}],"about":[{"href":"https:\/\/www.polishscience.pl\/es\/wp-json\/wp\/v2\/types\/post"}],"author":[{"embeddable":true,"href":"https:\/\/www.polishscience.pl\/es\/wp-json\/wp\/v2\/users\/6"}],"replies":[{"embeddable":true,"href":"https:\/\/www.polishscience.pl\/es\/wp-json\/wp\/v2\/comments?post=132106"}],"version-history":[{"count":0,"href":"https:\/\/www.polishscience.pl\/es\/wp-json\/wp\/v2\/posts\/132106\/revisions"}],"wp:attachment":[{"href":"https:\/\/www.polishscience.pl\/es\/wp-json\/wp\/v2\/media?parent=132106"}],"wp:term":[{"taxonomy":"category","embeddable":true,"href":"https:\/\/www.polishscience.pl\/es\/wp-json\/wp\/v2\/categories?post=132106"},{"taxonomy":"post_tag","embeddable":true,"href":"https:\/\/www.polishscience.pl\/es\/wp-json\/wp\/v2\/tags?post=132106"}],"curies":[{"name":"wp","href":"https:\/\/api.w.org\/{rel}","templated":true}]}}