{"id":131848,"date":"2020-06-09T16:27:40","date_gmt":"2020-06-09T14:27:40","guid":{"rendered":"http:\/\/polishscience.pl\/?p=131848"},"modified":"2020-06-23T17:22:53","modified_gmt":"2020-06-23T15:22:53","slug":"rector-de-la-universidad-de-varsovia-sobre-los-planes-para-el-proximo-curso","status":"publish","type":"post","link":"https:\/\/www.polishscience.pl\/es\/rector-de-la-universidad-de-varsovia-sobre-los-planes-para-el-proximo-curso\/","title":{"rendered":"El rector de la Universidad de Varsovia, sobre los planes para el pr\u00f3ximo curso"},"content":{"rendered":"<p><strong>\u00abEspero que comencemos el pr\u00f3ximo a\u00f1o acad\u00e9mico con la inauguraci\u00f3n tradicional el 1 de octubre, en la forma en que nos hemos acostumbrado, pero tambi\u00e9n debemos estar preparados para una posible agravaci\u00f3n de la situaci\u00f3n epidemiol\u00f3gica\u00bb, dijo el Prof. Marcin Pa\u0142ys, rector de la Universidad de Varsovia (UW), en un video dirigido a la comunidad acad\u00e9mica.<\/strong><\/p>\n<p>El Prof. Pa\u0142ys declar\u00f3 que algunas de las clases despu\u00e9s de las vacaciones pueden continuarse de forma remota debido a la necesidad de mantener seguras condiciones de estudio, trabajo e investigaci\u00f3n.<\/p>\n<p>\u00abNuestra prioridad es proteger la salud de los estudiantes y empleados, raz\u00f3n por la cual todas las actividades est\u00e1n subordinadas a la necesidad de mantener reg\u00edmenes sanitarios\u00bb, agreg\u00f3. Tambi\u00e9n agradeci\u00f3 a todos los miembros de la comunidad de UW por su contribuci\u00f3n para mantener la continuidad de la operaci\u00f3n de la Universidad a pesar de las circunstancias extraordinarias causadas por la pandemia de coronavirus.<\/p>\n<p>M\u00e1s:<br \/>\n<a href=\"https:\/\/youtu.be\/ILxT73J2ISs\">https:\/\/youtu.be\/ILxT73J2ISs<\/a><\/p>\n","protected":false},"excerpt":{"rendered":"<p>\u00abEspero que comencemos el pr\u00f3ximo a\u00f1o acad\u00e9mico con la inauguraci\u00f3n tradicional el 1 de octubre, en la forma en que nos hemos acostumbrado, pero tambi\u00e9n debemos estar preparados para una posible agravaci\u00f3n de la situaci\u00f3n epidemiol\u00f3gica\u00bb, dijo el Prof. Marcin Pa\u0142ys, rector de la Universidad de Varsovia (UW), en un video dirigido a la comunidad [&hellip;]<\/p>\n","protected":false},"author":6,"featured_media":0,"comment_status":"closed","ping_status":"closed","sticky":false,"template":"","format":"standard","meta":[],"categories":[75],"tags":[],"_links":{"self":[{"href":"https:\/\/www.polishscience.pl\/es\/wp-json\/wp\/v2\/posts\/131848"}],"collection":[{"href":"https:\/\/www.polishscience.pl\/es\/wp-json\/wp\/v2\/posts"}],"about":[{"href":"https:\/\/www.polishscience.pl\/es\/wp-json\/wp\/v2\/types\/post"}],"author":[{"embeddable":true,"href":"https:\/\/www.polishscience.pl\/es\/wp-json\/wp\/v2\/users\/6"}],"replies":[{"embeddable":true,"href":"https:\/\/www.polishscience.pl\/es\/wp-json\/wp\/v2\/comments?post=131848"}],"version-history":[{"count":0,"href":"https:\/\/www.polishscience.pl\/es\/wp-json\/wp\/v2\/posts\/131848\/revisions"}],"wp:attachment":[{"href":"https:\/\/www.polishscience.pl\/es\/wp-json\/wp\/v2\/media?parent=131848"}],"wp:term":[{"taxonomy":"category","embeddable":true,"href":"https:\/\/www.polishscience.pl\/es\/wp-json\/wp\/v2\/categories?post=131848"},{"taxonomy":"post_tag","embeddable":true,"href":"https:\/\/www.polishscience.pl\/es\/wp-json\/wp\/v2\/tags?post=131848"}],"curies":[{"name":"wp","href":"https:\/\/api.w.org\/{rel}","templated":true}]}}