{"id":131277,"date":"2020-06-04T14:42:17","date_gmt":"2020-06-04T12:42:17","guid":{"rendered":"http:\/\/polishscience.pl\/?p=131277"},"modified":"2020-06-04T14:42:17","modified_gmt":"2020-06-04T12:42:17","slug":"escuela-internacional-de-verano-high-temperature-hot-reactors-school","status":"publish","type":"post","link":"https:\/\/www.polishscience.pl\/es\/escuela-internacional-de-verano-high-temperature-hot-reactors-school\/","title":{"rendered":"Escuela Internacional de Verano \u00abHigh Temperature Hot Reactors School\u00bb"},"content":{"rendered":"<p><strong>El Viceministro de Ciencia y Educaci\u00f3n Superior, Grzegorz Wrochna, particip\u00f3 en la inauguraci\u00f3n de la Escuela de Verano \u00abHigh Temperature Hot Reactors School\u00bb, organizada por el Centro Nacional de Investigaci\u00f3n Nuclear (NCBJ) en el marco del programa de capacitaci\u00f3n de estudiantes de doctorado PHD4GEN.<\/strong><\/p>\n<p>\u201cLa energ\u00eda nuclear es la energ\u00eda del futuro\u201d, dijo el viceministro Wrochna durante la inauguraci\u00f3n.<br \/>\nLa Escuela de Verano se lleva a cabo de forma remota y forma parte de estudios internacionales de docto<\/p>\n<p>ado interdisciplinarios creados en el proyecto \u00abNuevos conceptos de reactores nucleares y an\u00e1lisis de seguridad para el Programa de Energ\u00eda Nuclear de Polonia\u00bb, financiado por el Centro Nacional de Investigaci\u00f3n y Desarrollo. El objetivo es crear un equipo interdisciplinario de personal investigador joven que se ocupe de conceptos y tecnolog\u00edas avanzadas de la pr\u00f3xima generaci\u00f3n IV de reactores nucleares.<\/p>\n","protected":false},"excerpt":{"rendered":"<p>El Viceministro de Ciencia y Educaci\u00f3n Superior, Grzegorz Wrochna, particip\u00f3 en la inauguraci\u00f3n de la Escuela de Verano \u00abHigh Temperature Hot Reactors School\u00bb, organizada por el Centro Nacional de Investigaci\u00f3n Nuclear (NCBJ) en el marco del programa de capacitaci\u00f3n de estudiantes de doctorado PHD4GEN. \u201cLa energ\u00eda nuclear es la energ\u00eda del futuro\u201d, dijo el viceministro [&hellip;]<\/p>\n","protected":false},"author":6,"featured_media":0,"comment_status":"closed","ping_status":"closed","sticky":false,"template":"","format":"standard","meta":[],"categories":[74,81],"tags":[],"_links":{"self":[{"href":"https:\/\/www.polishscience.pl\/es\/wp-json\/wp\/v2\/posts\/131277"}],"collection":[{"href":"https:\/\/www.polishscience.pl\/es\/wp-json\/wp\/v2\/posts"}],"about":[{"href":"https:\/\/www.polishscience.pl\/es\/wp-json\/wp\/v2\/types\/post"}],"author":[{"embeddable":true,"href":"https:\/\/www.polishscience.pl\/es\/wp-json\/wp\/v2\/users\/6"}],"replies":[{"embeddable":true,"href":"https:\/\/www.polishscience.pl\/es\/wp-json\/wp\/v2\/comments?post=131277"}],"version-history":[{"count":0,"href":"https:\/\/www.polishscience.pl\/es\/wp-json\/wp\/v2\/posts\/131277\/revisions"}],"wp:attachment":[{"href":"https:\/\/www.polishscience.pl\/es\/wp-json\/wp\/v2\/media?parent=131277"}],"wp:term":[{"taxonomy":"category","embeddable":true,"href":"https:\/\/www.polishscience.pl\/es\/wp-json\/wp\/v2\/categories?post=131277"},{"taxonomy":"post_tag","embeddable":true,"href":"https:\/\/www.polishscience.pl\/es\/wp-json\/wp\/v2\/tags?post=131277"}],"curies":[{"name":"wp","href":"https:\/\/api.w.org\/{rel}","templated":true}]}}