{"id":130623,"date":"2020-06-01T15:19:03","date_gmt":"2020-06-01T13:19:03","guid":{"rendered":"http:\/\/polishscience.pl\/?p=130623"},"modified":"2020-06-01T16:34:37","modified_gmt":"2020-06-01T14:34:37","slug":"nuevo-rector-de-la-universidad-de-tecnologia-y-humanidades-de-radom","status":"publish","type":"post","link":"https:\/\/www.polishscience.pl\/es\/nuevo-rector-de-la-universidad-de-tecnologia-y-humanidades-de-radom\/","title":{"rendered":"Nuevo rector de la Universidad de Tecnolog\u00eda y Humanidades de Radom"},"content":{"rendered":"<p><strong>El profesor S\u0142awomir Bukowski, actual vicerrector de Desarrollo de Personal y Cooperaci\u00f3n con Pa\u00edses Extranjeros, se convirti\u00f3 en el nuevo rector de la Universidad de Tecnolog\u00eda y Humanidades (UTH) de Radom.<\/strong><\/p>\n<p>El Prof. S\u0142awomir Bukowski se gradu\u00f3 de la Facultad de Econom\u00eda de la Universidad Tecnol\u00f3gica de Kielce (sucursal en Radom) en 1979. En el mismo a\u00f1o comenz\u00f3 a trabajar en la Facultad de Econom\u00eda de la Universidad Tecnol\u00f3gica de Radom. En 1986 obtuvo el t\u00edtulo de doctor en econom\u00eda por la Universidad de Varsovia, y en 2004 &#8211; doctor habilitado en econom\u00eda por la Universidad de Econom\u00eda de Cracovia (actualmente Universidad de Econom\u00eda de Cracovia). En 2013 obtuve el t\u00edtulo de profesor.<\/p>\n<p>En los a\u00f1os 2008-2012 fue decano de la Facultad de Econom\u00eda de la Universidad Tecnol\u00f3gica de Radom.<\/p>\n","protected":false},"excerpt":{"rendered":"<p>El profesor S\u0142awomir Bukowski, actual vicerrector de Desarrollo de Personal y Cooperaci\u00f3n con Pa\u00edses Extranjeros, se convirti\u00f3 en el nuevo rector de la Universidad de Tecnolog\u00eda y Humanidades (UTH) de Radom. El Prof. S\u0142awomir Bukowski se gradu\u00f3 de la Facultad de Econom\u00eda de la Universidad Tecnol\u00f3gica de Kielce (sucursal en Radom) en 1979. En el [&hellip;]<\/p>\n","protected":false},"author":6,"featured_media":0,"comment_status":"closed","ping_status":"closed","sticky":false,"template":"","format":"standard","meta":[],"categories":[75],"tags":[],"_links":{"self":[{"href":"https:\/\/www.polishscience.pl\/es\/wp-json\/wp\/v2\/posts\/130623"}],"collection":[{"href":"https:\/\/www.polishscience.pl\/es\/wp-json\/wp\/v2\/posts"}],"about":[{"href":"https:\/\/www.polishscience.pl\/es\/wp-json\/wp\/v2\/types\/post"}],"author":[{"embeddable":true,"href":"https:\/\/www.polishscience.pl\/es\/wp-json\/wp\/v2\/users\/6"}],"replies":[{"embeddable":true,"href":"https:\/\/www.polishscience.pl\/es\/wp-json\/wp\/v2\/comments?post=130623"}],"version-history":[{"count":0,"href":"https:\/\/www.polishscience.pl\/es\/wp-json\/wp\/v2\/posts\/130623\/revisions"}],"wp:attachment":[{"href":"https:\/\/www.polishscience.pl\/es\/wp-json\/wp\/v2\/media?parent=130623"}],"wp:term":[{"taxonomy":"category","embeddable":true,"href":"https:\/\/www.polishscience.pl\/es\/wp-json\/wp\/v2\/categories?post=130623"},{"taxonomy":"post_tag","embeddable":true,"href":"https:\/\/www.polishscience.pl\/es\/wp-json\/wp\/v2\/tags?post=130623"}],"curies":[{"name":"wp","href":"https:\/\/api.w.org\/{rel}","templated":true}]}}