{"id":129999,"date":"2020-05-27T12:23:46","date_gmt":"2020-05-27T10:23:46","guid":{"rendered":"http:\/\/polishscience.pl\/?p=129999"},"modified":"2020-05-27T15:25:34","modified_gmt":"2020-05-27T13:25:34","slug":"cooperacion-internacional-posibilidades-de-operacion-remota","status":"publish","type":"post","link":"https:\/\/www.polishscience.pl\/es\/cooperacion-internacional-posibilidades-de-operacion-remota\/","title":{"rendered":"Cooperaci\u00f3n internacional: posibilidades de operaci\u00f3n remota"},"content":{"rendered":"<p><strong>Ese es el lema de un seminario web organizado por la Fundaci\u00f3n de Rectores de Polonia junto con PCG Academia y con el apoyo del Instituto de Asuntos P\u00fablicos de la Universidad Jaguel\u00f3nica y el Presidente de la Conferencia de Rectores de las Escuelas Acad\u00e9micas de Polonia. El evento tendr\u00e1 lugar el 28 de mayo a las 13.30.<\/strong><\/p>\n<p>El coronavirus afecta a las universidades en sus actividades did\u00e1cticas, cient\u00edficas y organizativas. Por lo tanto, las autoridades rectoras enfrentan la necesidad de implementar procesos clave para el funcionamiento de universidades en condiciones completamente nuevas, informa \u201cForum Akademickie\u201d que ejerce patrocinio en los medios de comunicaci\u00f3n.<\/p>\n<p>El pr\u00f3ximo seminario se dedicar\u00e1 a la movilidad internacional de estudiantes y empleados de educaci\u00f3n superior que fue reducida de forma significativa debido a la epidemia. Asimismo se abordar\u00e1 el tema de presupuestos limitados para la internacionalizaci\u00f3n y los proyectos internacionales. Para participar en el evento debe registrarse en:<\/p>\n<p><a href=\"https:\/\/www.pcgacademiawebinaria.pl\/\">https:\/\/www.pcgacademiawebinaria.pl\/<\/a><\/p>\n<p>&nbsp;<\/p>\n","protected":false},"excerpt":{"rendered":"<p>Ese es el lema de un seminario web organizado por la Fundaci\u00f3n de Rectores de Polonia junto con PCG Academia y con el apoyo del Instituto de Asuntos P\u00fablicos de la Universidad Jaguel\u00f3nica y el Presidente de la Conferencia de Rectores de las Escuelas Acad\u00e9micas de Polonia. El evento tendr\u00e1 lugar el 28 de mayo [&hellip;]<\/p>\n","protected":false},"author":6,"featured_media":0,"comment_status":"closed","ping_status":"closed","sticky":false,"template":"","format":"standard","meta":[],"categories":[75,81],"tags":[],"_links":{"self":[{"href":"https:\/\/www.polishscience.pl\/es\/wp-json\/wp\/v2\/posts\/129999"}],"collection":[{"href":"https:\/\/www.polishscience.pl\/es\/wp-json\/wp\/v2\/posts"}],"about":[{"href":"https:\/\/www.polishscience.pl\/es\/wp-json\/wp\/v2\/types\/post"}],"author":[{"embeddable":true,"href":"https:\/\/www.polishscience.pl\/es\/wp-json\/wp\/v2\/users\/6"}],"replies":[{"embeddable":true,"href":"https:\/\/www.polishscience.pl\/es\/wp-json\/wp\/v2\/comments?post=129999"}],"version-history":[{"count":0,"href":"https:\/\/www.polishscience.pl\/es\/wp-json\/wp\/v2\/posts\/129999\/revisions"}],"wp:attachment":[{"href":"https:\/\/www.polishscience.pl\/es\/wp-json\/wp\/v2\/media?parent=129999"}],"wp:term":[{"taxonomy":"category","embeddable":true,"href":"https:\/\/www.polishscience.pl\/es\/wp-json\/wp\/v2\/categories?post=129999"},{"taxonomy":"post_tag","embeddable":true,"href":"https:\/\/www.polishscience.pl\/es\/wp-json\/wp\/v2\/tags?post=129999"}],"curies":[{"name":"wp","href":"https:\/\/api.w.org\/{rel}","templated":true}]}}