{"id":129847,"date":"2020-05-26T13:35:36","date_gmt":"2020-05-26T11:35:36","guid":{"rendered":"http:\/\/polishscience.pl\/?p=129847"},"modified":"2020-05-26T15:37:26","modified_gmt":"2020-05-26T13:37:26","slug":"la-escuela-superior-de-formacion-profesional-en-elblag-tiene-nuevo-rector","status":"publish","type":"post","link":"https:\/\/www.polishscience.pl\/es\/la-escuela-superior-de-formacion-profesional-en-elblag-tiene-nuevo-rector\/","title":{"rendered":"La Escuela Superior de Formaci\u00f3n Profesional en Elbl\u0105g tiene nuevo rector"},"content":{"rendered":"<p><strong>A partir de septiembre, el Prof.. Jaros\u0142aw Niedojad\u0142o asumir\u00e1 el cargo de rector de la Escuela Superior de Formaci\u00f3n Profesional (PWSZ) en Elbl\u0105g, reemplazando al Prof.. Ing. Zbigniew Walczyk.<\/strong><\/p>\n<p>El Colegio Electoral apoy\u00f3 un\u00e1nimemente la candidatura del Dr. Jaros\u0142aw Niedojad\u0142o, que es especialista en el campo de la tecnolog\u00eda de m\u00e1quinas. Se gradu\u00f3 de la Facultad de Ingenier\u00eda Mec\u00e1nica de la Universidad Tecnol\u00f3gica de Gda\u0144sk (PG). Obtuvo doctorado en ciencias t\u00e9cnicas en la Facultad de Ingenier\u00eda Mec\u00e1nica en 1995. En los a\u00f1os 1996\u20132000 dirigi\u00f3 el Departamento de la Facultad de Ingenier\u00eda Mec\u00e1nica en Elbl\u0105g como vicedecano de Educaci\u00f3n.<\/p>\n<p>Desde el establecimiento de la Escuela Superior de Formaci\u00f3n Profesional en Elbl\u0105g, ha sido director del Instituto Polit\u00e9cnico. En los a\u00f1os 2002\u20132007 fue el Vicerrector de Educaci\u00f3n de la PWSZ en Elbl\u0105g.<\/p>\n","protected":false},"excerpt":{"rendered":"<p>A partir de septiembre, el Prof.. Jaros\u0142aw Niedojad\u0142o asumir\u00e1 el cargo de rector de la Escuela Superior de Formaci\u00f3n Profesional (PWSZ) en Elbl\u0105g, reemplazando al Prof.. Ing. Zbigniew Walczyk. El Colegio Electoral apoy\u00f3 un\u00e1nimemente la candidatura del Dr. Jaros\u0142aw Niedojad\u0142o, que es especialista en el campo de la tecnolog\u00eda de m\u00e1quinas. Se gradu\u00f3 de la [&hellip;]<\/p>\n","protected":false},"author":6,"featured_media":0,"comment_status":"closed","ping_status":"closed","sticky":false,"template":"","format":"standard","meta":[],"categories":[75],"tags":[],"_links":{"self":[{"href":"https:\/\/www.polishscience.pl\/es\/wp-json\/wp\/v2\/posts\/129847"}],"collection":[{"href":"https:\/\/www.polishscience.pl\/es\/wp-json\/wp\/v2\/posts"}],"about":[{"href":"https:\/\/www.polishscience.pl\/es\/wp-json\/wp\/v2\/types\/post"}],"author":[{"embeddable":true,"href":"https:\/\/www.polishscience.pl\/es\/wp-json\/wp\/v2\/users\/6"}],"replies":[{"embeddable":true,"href":"https:\/\/www.polishscience.pl\/es\/wp-json\/wp\/v2\/comments?post=129847"}],"version-history":[{"count":0,"href":"https:\/\/www.polishscience.pl\/es\/wp-json\/wp\/v2\/posts\/129847\/revisions"}],"wp:attachment":[{"href":"https:\/\/www.polishscience.pl\/es\/wp-json\/wp\/v2\/media?parent=129847"}],"wp:term":[{"taxonomy":"category","embeddable":true,"href":"https:\/\/www.polishscience.pl\/es\/wp-json\/wp\/v2\/categories?post=129847"},{"taxonomy":"post_tag","embeddable":true,"href":"https:\/\/www.polishscience.pl\/es\/wp-json\/wp\/v2\/tags?post=129847"}],"curies":[{"name":"wp","href":"https:\/\/api.w.org\/{rel}","templated":true}]}}