{"id":129697,"date":"2020-05-25T14:11:16","date_gmt":"2020-05-25T12:11:16","guid":{"rendered":"http:\/\/polishscience.pl\/?p=129697"},"modified":"2020-05-25T16:15:35","modified_gmt":"2020-05-25T14:15:35","slug":"conferencia-online-ciencia-y-empresa-desafios-comunes-en-la-universidad-de-szczecin","status":"publish","type":"post","link":"https:\/\/www.polishscience.pl\/es\/conferencia-online-ciencia-y-empresa-desafios-comunes-en-la-universidad-de-szczecin\/","title":{"rendered":"Conferencia online \u00abCiencia y empresa, desaf\u00edos comunes\u00bb en la Universidad de Szczecin"},"content":{"rendered":"<p><strong>El Departamento de Econom\u00eda del Instituto de Econom\u00eda y Finanzas de la Universidad de Szczecin organiza la conferencia cient\u00edfica internacional \u00abCiencia y empresa, desaf\u00edos comunes\u00bb dirigida a cient\u00edficos, estudiantes y profesionales de la econom\u00eda y representantes del entorno empresarial. La sexta edici\u00f3n de la conferencia de este a\u00f1o tendr\u00e1 lugar en l\u00ednea el 5 de junio.<\/strong><\/p>\n<p>Los temas de la conferencia son el desarrollo del emprendimiento acad\u00e9mico y creaci\u00f3n de startups, as\u00ed como la cooperaci\u00f3n entre la ciencia y los negocios en el camino para superar la crisis causada por el coronavirus. Tambi\u00e9n habr\u00e1 una discusi\u00f3n sobre la evaluaci\u00f3n de las posibilidades reales de la participaci\u00f3n de las comunidades cient\u00edficas polacas para acelerar la transferencia de tecnolog\u00edas modernas y soluciones organizativas a las empresas para la implementaci\u00f3n de objetivos econ\u00f3micos y sociales.<\/p>\n<p>La conferencia ir\u00e1 acompa\u00f1ada de la campa\u00f1a \u00abLet\u2019s Get Greener\u00bb y una competencia por el mejor p\u00f3ster dedicado a los desaf\u00edos ecol\u00f3gicos actuales que enfrentan las sociedades, las empresas y los pa\u00edses, informa la universidad.<\/p>\n","protected":false},"excerpt":{"rendered":"<p>El Departamento de Econom\u00eda del Instituto de Econom\u00eda y Finanzas de la Universidad de Szczecin organiza la conferencia cient\u00edfica internacional \u00abCiencia y empresa, desaf\u00edos comunes\u00bb dirigida a cient\u00edficos, estudiantes y profesionales de la econom\u00eda y representantes del entorno empresarial. La sexta edici\u00f3n de la conferencia de este a\u00f1o tendr\u00e1 lugar en l\u00ednea el 5 de [&hellip;]<\/p>\n","protected":false},"author":6,"featured_media":0,"comment_status":"closed","ping_status":"closed","sticky":false,"template":"","format":"standard","meta":[],"categories":[80,81],"tags":[],"_links":{"self":[{"href":"https:\/\/www.polishscience.pl\/es\/wp-json\/wp\/v2\/posts\/129697"}],"collection":[{"href":"https:\/\/www.polishscience.pl\/es\/wp-json\/wp\/v2\/posts"}],"about":[{"href":"https:\/\/www.polishscience.pl\/es\/wp-json\/wp\/v2\/types\/post"}],"author":[{"embeddable":true,"href":"https:\/\/www.polishscience.pl\/es\/wp-json\/wp\/v2\/users\/6"}],"replies":[{"embeddable":true,"href":"https:\/\/www.polishscience.pl\/es\/wp-json\/wp\/v2\/comments?post=129697"}],"version-history":[{"count":0,"href":"https:\/\/www.polishscience.pl\/es\/wp-json\/wp\/v2\/posts\/129697\/revisions"}],"wp:attachment":[{"href":"https:\/\/www.polishscience.pl\/es\/wp-json\/wp\/v2\/media?parent=129697"}],"wp:term":[{"taxonomy":"category","embeddable":true,"href":"https:\/\/www.polishscience.pl\/es\/wp-json\/wp\/v2\/categories?post=129697"},{"taxonomy":"post_tag","embeddable":true,"href":"https:\/\/www.polishscience.pl\/es\/wp-json\/wp\/v2\/tags?post=129697"}],"curies":[{"name":"wp","href":"https:\/\/api.w.org\/{rel}","templated":true}]}}