{"id":128818,"date":"2020-05-19T14:09:35","date_gmt":"2020-05-19T12:09:35","guid":{"rendered":"http:\/\/polishscience.pl\/?p=128818"},"modified":"2023-05-08T10:36:53","modified_gmt":"2023-05-08T08:36:53","slug":"los-dias-de-africa-en-olsztyn-online","status":"publish","type":"post","link":"https:\/\/www.polishscience.pl\/es\/los-dias-de-africa-en-olsztyn-online\/","title":{"rendered":"Los d\u00edas de \u00c1frica en Olsztyn online"},"content":{"rendered":"<p><strong>\u00ab\u00c1frica en idiomas &#8211; idiomas en \u00c1frica\u00bb es el lema de la edici\u00f3n de este a\u00f1o de los D\u00edas de \u00c1frica, organizados en la Universidad de Varmia y Masuria (UWM) en Olsztyn. El 23 de junio de 2020 se celebrar\u00e1 una conferencia cient\u00edfica internacional online.<\/strong><\/p>\n<p>\u201cEste a\u00f1o, debido a la situaci\u00f3n en todo el mundo, tuvimos que cambiar la forma de la conferencia. Hemos decidido que tendr\u00e1 lugar online el 23 de junio. Ser\u00e1 de un d\u00eda y se podr\u00e1 participar gratuitamente\u201d, dijo en la radio UWM FM Dr. Bara Ndiaye, presidente del comit\u00e9 organizador.<\/p>\n<p>La conferencia consta de los siguientes bloques tem\u00e1ticos: idiomas africanos; Idiomas oficiales en \u00c1frica, Alfabetizaci\u00f3n de idiomas en \u00c1frica; Idiomas africanos y aspectos de traducci\u00f3n; Lenguas africanas y comunicaci\u00f3n intercultural; Discurso esencial sobre \u00c1frica; Discurso antropol\u00f3gico y etnol\u00f3gico sobre \u00c1frica; Discurso pol\u00edtico sobre \u00c1frica; Discurso medi\u00e1tico sobre \u00c1frica; Discurso econ\u00f3mico sobre \u00c1frica y Discurso cient\u00edfico sobre \u00c1frica.<\/p>\n","protected":false},"excerpt":{"rendered":"<p>\u00ab\u00c1frica en idiomas &#8211; idiomas en \u00c1frica\u00bb es el lema de la edici\u00f3n de este a\u00f1o de los D\u00edas de \u00c1frica, organizados en la Universidad de Varmia y Masuria (UWM) en Olsztyn. El 23 de junio de 2020 se celebrar\u00e1 una conferencia cient\u00edfica internacional online. \u201cEste a\u00f1o, debido a la situaci\u00f3n en todo el mundo, [&hellip;]<\/p>\n","protected":false},"author":6,"featured_media":0,"comment_status":"closed","ping_status":"closed","sticky":false,"template":"","format":"standard","meta":[],"categories":[81],"tags":[],"_links":{"self":[{"href":"https:\/\/www.polishscience.pl\/es\/wp-json\/wp\/v2\/posts\/128818"}],"collection":[{"href":"https:\/\/www.polishscience.pl\/es\/wp-json\/wp\/v2\/posts"}],"about":[{"href":"https:\/\/www.polishscience.pl\/es\/wp-json\/wp\/v2\/types\/post"}],"author":[{"embeddable":true,"href":"https:\/\/www.polishscience.pl\/es\/wp-json\/wp\/v2\/users\/6"}],"replies":[{"embeddable":true,"href":"https:\/\/www.polishscience.pl\/es\/wp-json\/wp\/v2\/comments?post=128818"}],"version-history":[{"count":1,"href":"https:\/\/www.polishscience.pl\/es\/wp-json\/wp\/v2\/posts\/128818\/revisions"}],"predecessor-version":[{"id":281622,"href":"https:\/\/www.polishscience.pl\/es\/wp-json\/wp\/v2\/posts\/128818\/revisions\/281622"}],"wp:attachment":[{"href":"https:\/\/www.polishscience.pl\/es\/wp-json\/wp\/v2\/media?parent=128818"}],"wp:term":[{"taxonomy":"category","embeddable":true,"href":"https:\/\/www.polishscience.pl\/es\/wp-json\/wp\/v2\/categories?post=128818"},{"taxonomy":"post_tag","embeddable":true,"href":"https:\/\/www.polishscience.pl\/es\/wp-json\/wp\/v2\/tags?post=128818"}],"curies":[{"name":"wp","href":"https:\/\/api.w.org\/{rel}","templated":true}]}}