{"id":123717,"date":"2020-04-14T12:55:53","date_gmt":"2020-04-14T10:55:53","guid":{"rendered":"http:\/\/polishscience.pl\/?p=123717"},"modified":"2020-04-14T15:06:22","modified_gmt":"2020-04-14T13:06:22","slug":"dimision-del-viceprimer-ministro-ministro-de-ciencia-y-educacion-superior","status":"publish","type":"post","link":"https:\/\/www.polishscience.pl\/es\/dimision-del-viceprimer-ministro-ministro-de-ciencia-y-educacion-superior\/","title":{"rendered":"Dimisi\u00f3n del viceprimer ministro, ministro de Ciencia y Educaci\u00f3n Superior"},"content":{"rendered":"<p><strong>El 9 de abril en el Palacio Presidencial, Jaros\u0142aw Gowin recibi\u00f3 la retirada de la funci\u00f3n de viceprimer ministro y ministro de Ciencia y Educaci\u00f3n Superior. Asumi\u00f3 el cargo en noviembre de 2015 y renunci\u00f3 el 6 de abril de 2020.<\/strong><\/p>\n<p>A trav\u00e9s de las redes sociales, Gowin agradeci\u00f3 a los representantes de ciencia y universidades por a\u00f1os de cooperaci\u00f3n. \u00abGracias por casi cinco a\u00f1os de cooperaci\u00f3n y confianza, gracias por su sabidur\u00eda y coraje. Por el hecho de que no ten\u00edan miedo al cambio, por el contrario, postularon reformas ustedes mismos y participaron activamente en su implementaci\u00f3n\u00bb, dijo en un video publicado en las redes sociales.<\/p>\n<p>\u00abGracias por la Constituci\u00f3n para la Ciencia, la \u00fanica gran reforma en nuestro pa\u00eds de los \u00faltimos a\u00f1os, que se cre\u00f3 en un di\u00e1logo abierto y confiable, que fue cocreada por miles de ustedes. Gracias por la honestidad y las cr\u00edticas, justificadas y sustantivas, que a veces me llevaron a corregir el curso. Espero que las universidades polacas siempre sean un basti\u00f3n de b\u00fasqueda de la verdad, una verdad que supere todas las divisiones \u00ab, dijo Jaros\u0142aw Gowin.<\/p>\n","protected":false},"excerpt":{"rendered":"<p>El 9 de abril en el Palacio Presidencial, Jaros\u0142aw Gowin recibi\u00f3 la retirada de la funci\u00f3n de viceprimer ministro y ministro de Ciencia y Educaci\u00f3n Superior. Asumi\u00f3 el cargo en noviembre de 2015 y renunci\u00f3 el 6 de abril de 2020. A trav\u00e9s de las redes sociales, Gowin agradeci\u00f3 a los representantes de ciencia y [&hellip;]<\/p>\n","protected":false},"author":6,"featured_media":0,"comment_status":"closed","ping_status":"closed","sticky":false,"template":"","format":"standard","meta":[],"categories":[75],"tags":[],"_links":{"self":[{"href":"https:\/\/www.polishscience.pl\/es\/wp-json\/wp\/v2\/posts\/123717"}],"collection":[{"href":"https:\/\/www.polishscience.pl\/es\/wp-json\/wp\/v2\/posts"}],"about":[{"href":"https:\/\/www.polishscience.pl\/es\/wp-json\/wp\/v2\/types\/post"}],"author":[{"embeddable":true,"href":"https:\/\/www.polishscience.pl\/es\/wp-json\/wp\/v2\/users\/6"}],"replies":[{"embeddable":true,"href":"https:\/\/www.polishscience.pl\/es\/wp-json\/wp\/v2\/comments?post=123717"}],"version-history":[{"count":0,"href":"https:\/\/www.polishscience.pl\/es\/wp-json\/wp\/v2\/posts\/123717\/revisions"}],"wp:attachment":[{"href":"https:\/\/www.polishscience.pl\/es\/wp-json\/wp\/v2\/media?parent=123717"}],"wp:term":[{"taxonomy":"category","embeddable":true,"href":"https:\/\/www.polishscience.pl\/es\/wp-json\/wp\/v2\/categories?post=123717"},{"taxonomy":"post_tag","embeddable":true,"href":"https:\/\/www.polishscience.pl\/es\/wp-json\/wp\/v2\/tags?post=123717"}],"curies":[{"name":"wp","href":"https:\/\/api.w.org\/{rel}","templated":true}]}}