{"id":122381,"date":"2020-04-03T13:18:55","date_gmt":"2020-04-03T11:18:55","guid":{"rendered":"http:\/\/polishscience.pl\/?p=122381"},"modified":"2020-04-03T15:25:27","modified_gmt":"2020-04-03T13:25:27","slug":"etica-durante-la-pandemia-de-coronavirus","status":"publish","type":"post","link":"https:\/\/www.polishscience.pl\/es\/etica-durante-la-pandemia-de-coronavirus\/","title":{"rendered":"\u00c9tica durante la pandemia de coronavirus"},"content":{"rendered":"<p><strong>Las decisiones sobre el acceso prioritario a tecnolog\u00edas avanzadas para salvar vidas deber\u00edan depender de criterios m\u00e9dicos, no sociales o econ\u00f3micos. As\u00ed lo ha manifestado el Dr. Jakub Pawlikowski, decano de la Facultad de Medicina del Collegium Medicum de la Universidad Cardenal Stefan Wyszy\u0144ski en Varsovia, en un art\u00edculo publicado en el portal Medycyna Praktyczna.<\/strong><\/p>\n<p>El Dr. Pawlikowski llama atenci\u00f3n a la dimensi\u00f3n \u00e9tica de las decisiones sobre el uso de tecnolog\u00edas m\u00e9dicas avanzadas en el contexto de la pandemia de COVID-19. El autor pretende determinar criterios que deben tomar los m\u00e9dicos que atienden a un gran n\u00famero de pacientes infectados con coronavirus, enfrentando la escasez de equipos m\u00e9dicos<\/p>\n<p>En \u00e9tica m\u00e9dica, las decisiones con respecto a la priorizaci\u00f3n, el racionamiento justo y la asignaci\u00f3n de recursos limitados deben basarse en criterios m\u00e9dicos, es decir, como resultado de la necesidad de vida o salud del uso de una tecnolog\u00eda determinada y sus efectos positivos (beneficios) al paciente, cree el Dr. Jakub Pawlikowski.<\/p>\n<p>M\u00e1s:<br \/>\n<a href=\"https:\/\/www.mp.pl\/etyka\/terapia_chorob\/231724,etyczny-wymiar-w-kontekscie-pandemii-covid-19\">https:\/\/www.mp.pl\/etyka\/terapia_chorob\/231724,etyczny-wymiar-w-kontekscie-pandemii-covid-19<\/a><\/p>\n","protected":false},"excerpt":{"rendered":"<p>Las decisiones sobre el acceso prioritario a tecnolog\u00edas avanzadas para salvar vidas deber\u00edan depender de criterios m\u00e9dicos, no sociales o econ\u00f3micos. As\u00ed lo ha manifestado el Dr. Jakub Pawlikowski, decano de la Facultad de Medicina del Collegium Medicum de la Universidad Cardenal Stefan Wyszy\u0144ski en Varsovia, en un art\u00edculo publicado en el portal Medycyna Praktyczna. [&hellip;]<\/p>\n","protected":false},"author":6,"featured_media":0,"comment_status":"closed","ping_status":"closed","sticky":false,"template":"","format":"standard","meta":[],"categories":[79],"tags":[],"_links":{"self":[{"href":"https:\/\/www.polishscience.pl\/es\/wp-json\/wp\/v2\/posts\/122381"}],"collection":[{"href":"https:\/\/www.polishscience.pl\/es\/wp-json\/wp\/v2\/posts"}],"about":[{"href":"https:\/\/www.polishscience.pl\/es\/wp-json\/wp\/v2\/types\/post"}],"author":[{"embeddable":true,"href":"https:\/\/www.polishscience.pl\/es\/wp-json\/wp\/v2\/users\/6"}],"replies":[{"embeddable":true,"href":"https:\/\/www.polishscience.pl\/es\/wp-json\/wp\/v2\/comments?post=122381"}],"version-history":[{"count":0,"href":"https:\/\/www.polishscience.pl\/es\/wp-json\/wp\/v2\/posts\/122381\/revisions"}],"wp:attachment":[{"href":"https:\/\/www.polishscience.pl\/es\/wp-json\/wp\/v2\/media?parent=122381"}],"wp:term":[{"taxonomy":"category","embeddable":true,"href":"https:\/\/www.polishscience.pl\/es\/wp-json\/wp\/v2\/categories?post=122381"},{"taxonomy":"post_tag","embeddable":true,"href":"https:\/\/www.polishscience.pl\/es\/wp-json\/wp\/v2\/tags?post=122381"}],"curies":[{"name":"wp","href":"https:\/\/api.w.org\/{rel}","templated":true}]}}