{"id":122118,"date":"2020-04-02T15:35:48","date_gmt":"2020-04-02T13:35:48","guid":{"rendered":"http:\/\/polishscience.pl\/?p=122118"},"modified":"2020-04-02T17:35:30","modified_gmt":"2020-04-02T15:35:30","slug":"primera-investigacion-psicologica-sobre-las-preocupaciones-de-los-polacos-sobre-el-coronavirus","status":"publish","type":"post","link":"https:\/\/www.polishscience.pl\/es\/primera-investigacion-psicologica-sobre-las-preocupaciones-de-los-polacos-sobre-el-coronavirus\/","title":{"rendered":"Primera investigaci\u00f3n psicol\u00f3gica sobre las preocupaciones de los polacos sobre el coronavirus"},"content":{"rendered":"<p><strong>La Dra. Katarzyna Hamer y la Dra. Marta Marchlewska del Instituto de Psicolog\u00eda de la Academia Polaca de Ciencias (PAN) y la Dra. Maria Baran de la Universidad de Ciencias Sociales y Humanidades realizaron los d\u00edas 23 y 24 de marzo un estudio titulado \u00ab\u00bfDe qu\u00e9 tienen miedo los polacos en relaci\u00f3n con el coronavirus?\u00bb<\/strong><\/p>\n<p>El estudio se realiz\u00f3 en un grupo representativo de 1098 polacos adultos. Se utiliz\u00f3 el panel Ariadna y el m\u00e9todo CAWI (Computer-Assisted Web Interview, entrevista web asistida por computadora). Los encuestados respondieron preguntas 10 d\u00edas despu\u00e9s de que se hayan introducido restricciones en Polonia para combatir la pandemia de COVID-19.<\/p>\n<p>Resulta que el nivel de nerviosismo y ansiedad en la sociedad es bastante alto. Los polacos tienen m\u00e1s miedo de enfermedades de los familiares (72%), crisis financiera y colapso del mercado (71%), hospitales superpoblados y un sistema de salud ineficiente (73%), de que algunas personas no sigan las recomendaciones y el virus se propague demasiado r\u00e1pido (75%).<\/p>\n<p>Tambi\u00e9n temen enfermarse y cambiar el estilo de vida que conlleva la epidemia. Tienen menos miedo de quedarse sin alimentos y productos de higiene.<\/p>\n<p>M\u00e1s:<br \/>\n<a href=\"https:\/\/covid19psychologia.com\/2020\/03\/30\/czego-boja-sie-polacy-w-zwiazku-z-koronawirusem\/\">https:\/\/covid19psychologia.com\/2020\/03\/30\/czego-boja-sie-polacy-w-zwiazku-z-koronawirusem\/<\/a><\/p>\n","protected":false},"excerpt":{"rendered":"<p>La Dra. Katarzyna Hamer y la Dra. Marta Marchlewska del Instituto de Psicolog\u00eda de la Academia Polaca de Ciencias (PAN) y la Dra. Maria Baran de la Universidad de Ciencias Sociales y Humanidades realizaron los d\u00edas 23 y 24 de marzo un estudio titulado \u00ab\u00bfDe qu\u00e9 tienen miedo los polacos en relaci\u00f3n con el coronavirus?\u00bb [&hellip;]<\/p>\n","protected":false},"author":6,"featured_media":0,"comment_status":"closed","ping_status":"closed","sticky":false,"template":"","format":"standard","meta":[],"categories":[79],"tags":[],"_links":{"self":[{"href":"https:\/\/www.polishscience.pl\/es\/wp-json\/wp\/v2\/posts\/122118"}],"collection":[{"href":"https:\/\/www.polishscience.pl\/es\/wp-json\/wp\/v2\/posts"}],"about":[{"href":"https:\/\/www.polishscience.pl\/es\/wp-json\/wp\/v2\/types\/post"}],"author":[{"embeddable":true,"href":"https:\/\/www.polishscience.pl\/es\/wp-json\/wp\/v2\/users\/6"}],"replies":[{"embeddable":true,"href":"https:\/\/www.polishscience.pl\/es\/wp-json\/wp\/v2\/comments?post=122118"}],"version-history":[{"count":0,"href":"https:\/\/www.polishscience.pl\/es\/wp-json\/wp\/v2\/posts\/122118\/revisions"}],"wp:attachment":[{"href":"https:\/\/www.polishscience.pl\/es\/wp-json\/wp\/v2\/media?parent=122118"}],"wp:term":[{"taxonomy":"category","embeddable":true,"href":"https:\/\/www.polishscience.pl\/es\/wp-json\/wp\/v2\/categories?post=122118"},{"taxonomy":"post_tag","embeddable":true,"href":"https:\/\/www.polishscience.pl\/es\/wp-json\/wp\/v2\/tags?post=122118"}],"curies":[{"name":"wp","href":"https:\/\/api.w.org\/{rel}","templated":true}]}}