{"id":121853,"date":"2020-03-31T16:23:56","date_gmt":"2020-03-31T14:23:56","guid":{"rendered":"http:\/\/polishscience.pl\/?p=121853"},"modified":"2020-04-01T14:41:36","modified_gmt":"2020-04-01T12:41:36","slug":"cientificos-de-la-universidad-tecnologica-de-lodz-examinaron-la-calidad-de-las-mascaras-protectoras","status":"publish","type":"post","link":"https:\/\/www.polishscience.pl\/es\/cientificos-de-la-universidad-tecnologica-de-lodz-examinaron-la-calidad-de-las-mascaras-protectoras\/","title":{"rendered":"Cient\u00edficos de la Universidad Tecnol\u00f3gica de \u0141\u00f3d\u017a examinaron la calidad de las m\u00e1scaras protectoras"},"content":{"rendered":"<p><strong>El Instituto de Ciencia de Materiales Textiles y Compuestos Polim\u00e9ricos de la Facultad de Tecnolog\u00edas de Materiales y Dise\u00f1o Textil de la Universidad Tecnol\u00f3gica de \u0141\u00f3d\u017a (P\u0141) realiz\u00f3, a solicitud del Departamento de Salud y Asuntos Sociales de la Ciudad de \u0141\u00f3d\u017a, pruebas de propiedades protectoras de las m\u00e1scaras protectoras cosidas por trabajadores sociales y empresas de \u0141\u00f3d\u017a<\/strong>.<\/p>\n<p>El equipo dirigido por la Profa. Izabella Kruci\u0144ska determin\u00f3 la capacidad de filtraci\u00f3n de las m\u00e1scaras evaluando la permeabilidad de la niebla de aceite de parafina y analizando el grado de respiraci\u00f3n en condiciones de flujo a trav\u00e9s de la m\u00e1scara probada de una corriente de aire contaminado. El objetivo principal era determinar la calidad e indicar los mejores dise\u00f1os, modelos de m\u00e1scara que podr\u00edan usarse para uso privado.<\/p>\n<p>Las pruebas se llevaron a cabo de forma gratuita y sus resultados se enviaron al Departamento de Salud y Asuntos Sociales de la ciudad de \u0141\u00f3d\u017a.<\/p>\n","protected":false},"excerpt":{"rendered":"<p>El Instituto de Ciencia de Materiales Textiles y Compuestos Polim\u00e9ricos de la Facultad de Tecnolog\u00edas de Materiales y Dise\u00f1o Textil de la Universidad Tecnol\u00f3gica de \u0141\u00f3d\u017a (P\u0141) realiz\u00f3, a solicitud del Departamento de Salud y Asuntos Sociales de la Ciudad de \u0141\u00f3d\u017a, pruebas de propiedades protectoras de las m\u00e1scaras protectoras cosidas por trabajadores sociales y [&hellip;]<\/p>\n","protected":false},"author":6,"featured_media":0,"comment_status":"closed","ping_status":"closed","sticky":false,"template":"","format":"standard","meta":[],"categories":[79],"tags":[],"_links":{"self":[{"href":"https:\/\/www.polishscience.pl\/es\/wp-json\/wp\/v2\/posts\/121853"}],"collection":[{"href":"https:\/\/www.polishscience.pl\/es\/wp-json\/wp\/v2\/posts"}],"about":[{"href":"https:\/\/www.polishscience.pl\/es\/wp-json\/wp\/v2\/types\/post"}],"author":[{"embeddable":true,"href":"https:\/\/www.polishscience.pl\/es\/wp-json\/wp\/v2\/users\/6"}],"replies":[{"embeddable":true,"href":"https:\/\/www.polishscience.pl\/es\/wp-json\/wp\/v2\/comments?post=121853"}],"version-history":[{"count":0,"href":"https:\/\/www.polishscience.pl\/es\/wp-json\/wp\/v2\/posts\/121853\/revisions"}],"wp:attachment":[{"href":"https:\/\/www.polishscience.pl\/es\/wp-json\/wp\/v2\/media?parent=121853"}],"wp:term":[{"taxonomy":"category","embeddable":true,"href":"https:\/\/www.polishscience.pl\/es\/wp-json\/wp\/v2\/categories?post=121853"},{"taxonomy":"post_tag","embeddable":true,"href":"https:\/\/www.polishscience.pl\/es\/wp-json\/wp\/v2\/tags?post=121853"}],"curies":[{"name":"wp","href":"https:\/\/api.w.org\/{rel}","templated":true}]}}