{"id":120366,"date":"2020-03-19T13:38:29","date_gmt":"2020-03-19T12:38:29","guid":{"rendered":"http:\/\/polishscience.pl\/?p=120366"},"modified":"2020-03-19T13:46:12","modified_gmt":"2020-03-19T12:46:12","slug":"eleccion-de-rector-en-la-universidad-de-varsovia-aplazada-dos-meses","status":"publish","type":"post","link":"https:\/\/www.polishscience.pl\/es\/eleccion-de-rector-en-la-universidad-de-varsovia-aplazada-dos-meses\/","title":{"rendered":"Elecci\u00f3n de rector en la Universidad de Varsovia aplazada dos meses"},"content":{"rendered":"<p><strong>Debido a la situaci\u00f3n epidemiol\u00f3gica, las elecciones del rector de la Universidad de Varsovia (UW) programada para el 22 de abril se aplaz\u00f3 hasta el 17 de junio.<\/strong><\/p>\n<p>La Comisi\u00f3n Electoral de la Universidad, en relaci\u00f3n con la ordenanza del rector de la UW con respecto a la prevenci\u00f3n de la propagaci\u00f3n del virus COVID-19, adopt\u00f3 una resoluci\u00f3n para cambiar el calendario de actividades electorales. Su consecuencia m\u00e1s importante es aplazamiento de la elecci\u00f3n del rector hasta el 17 de junio. Tambi\u00e9n se pospusieron otras actividades relacionadas: la reuni\u00f3n del Senado para opinar los candidatos (hasta el 20 de mayo) o reuni\u00f3n preelectoral con los candidatos (hasta el 25 de mayo).<\/p>\n<p>Los siguientes candidatos solicitan la c\u00e1tedra del rector de la Universidad de Varsovia: el Prof. Alojzy N. Nowak (decano de la Facultad de Administraci\u00f3n), el Prof. Pawe\u0142 Strzelecki (decano de la Facultad de Matem\u00e1ticas, Inform\u00e1tica y Mec\u00e1nica) y el Prof. Andrzej Tarlecki (vicerrector de Recursos Humanos y Pol\u00edtica Financiera).<\/p>\n","protected":false},"excerpt":{"rendered":"<p>Debido a la situaci\u00f3n epidemiol\u00f3gica, las elecciones del rector de la Universidad de Varsovia (UW) programada para el 22 de abril se aplaz\u00f3 hasta el 17 de junio. La Comisi\u00f3n Electoral de la Universidad, en relaci\u00f3n con la ordenanza del rector de la UW con respecto a la prevenci\u00f3n de la propagaci\u00f3n del virus COVID-19, [&hellip;]<\/p>\n","protected":false},"author":6,"featured_media":0,"comment_status":"closed","ping_status":"closed","sticky":false,"template":"","format":"standard","meta":[],"categories":[75],"tags":[],"_links":{"self":[{"href":"https:\/\/www.polishscience.pl\/es\/wp-json\/wp\/v2\/posts\/120366"}],"collection":[{"href":"https:\/\/www.polishscience.pl\/es\/wp-json\/wp\/v2\/posts"}],"about":[{"href":"https:\/\/www.polishscience.pl\/es\/wp-json\/wp\/v2\/types\/post"}],"author":[{"embeddable":true,"href":"https:\/\/www.polishscience.pl\/es\/wp-json\/wp\/v2\/users\/6"}],"replies":[{"embeddable":true,"href":"https:\/\/www.polishscience.pl\/es\/wp-json\/wp\/v2\/comments?post=120366"}],"version-history":[{"count":0,"href":"https:\/\/www.polishscience.pl\/es\/wp-json\/wp\/v2\/posts\/120366\/revisions"}],"wp:attachment":[{"href":"https:\/\/www.polishscience.pl\/es\/wp-json\/wp\/v2\/media?parent=120366"}],"wp:term":[{"taxonomy":"category","embeddable":true,"href":"https:\/\/www.polishscience.pl\/es\/wp-json\/wp\/v2\/categories?post=120366"},{"taxonomy":"post_tag","embeddable":true,"href":"https:\/\/www.polishscience.pl\/es\/wp-json\/wp\/v2\/tags?post=120366"}],"curies":[{"name":"wp","href":"https:\/\/api.w.org\/{rel}","templated":true}]}}