{"id":119238,"date":"2020-03-11T12:12:32","date_gmt":"2020-03-11T11:12:32","guid":{"rendered":"http:\/\/polishscience.pl\/?p=119238"},"modified":"2020-03-11T15:16:45","modified_gmt":"2020-03-11T14:16:45","slug":"pronto-se-presentaran-recomendaciones-detalladas-para-las-universidades-polacas-en-relacion-con-el-coronavirus","status":"publish","type":"post","link":"https:\/\/www.polishscience.pl\/es\/pronto-se-presentaran-recomendaciones-detalladas-para-las-universidades-polacas-en-relacion-con-el-coronavirus\/","title":{"rendered":"Pronto se presentar\u00e1n recomendaciones detalladas para las universidades polacas en relaci\u00f3n con el coronavirus"},"content":{"rendered":"<p><strong>Considerar la suspensi\u00f3n de clases es prematuro, pero es importante que las universidades se preparen para tal eventualidad, en primer lugar, reemplazar las clases en el campus con clases en el espacio virtual. Algunas universidades est\u00e1n bien preparadas, dijo el viceprimer ministro, ministro de Ciencia y Educaci\u00f3n Superior Jaros\u0142aw Gowin en una entrevista con Radio Cracovia.<\/strong><\/p>\n<p>El viceprimer ministro enfatiz\u00f3, sin embargo, que cualquier eventualidad debe tenerse en cuenta. Durante m\u00e1s de una semana, ha estado operando un equipo especial, que incluye tanto a representantes del ministerio, encabezados por el Dr. Wojciech Maksymowicz, como a representantes de la comunidad acad\u00e9mica.<\/p>\n<p>\u201cEstamos elaborando recomendaciones para universidades, definitivamente recomendar\u00e9 universidades para suspender los intercambios bajo el programa Erasmus. Propondr\u00e9 soluciones detalladas esta semana\u201d, dijo el viceprimer ministro Gowin.<\/p>\n","protected":false},"excerpt":{"rendered":"<p>Considerar la suspensi\u00f3n de clases es prematuro, pero es importante que las universidades se preparen para tal eventualidad, en primer lugar, reemplazar las clases en el campus con clases en el espacio virtual. Algunas universidades est\u00e1n bien preparadas, dijo el viceprimer ministro, ministro de Ciencia y Educaci\u00f3n Superior Jaros\u0142aw Gowin en una entrevista con Radio [&hellip;]<\/p>\n","protected":false},"author":6,"featured_media":0,"comment_status":"closed","ping_status":"closed","sticky":false,"template":"","format":"standard","meta":[],"categories":[75],"tags":[],"_links":{"self":[{"href":"https:\/\/www.polishscience.pl\/es\/wp-json\/wp\/v2\/posts\/119238"}],"collection":[{"href":"https:\/\/www.polishscience.pl\/es\/wp-json\/wp\/v2\/posts"}],"about":[{"href":"https:\/\/www.polishscience.pl\/es\/wp-json\/wp\/v2\/types\/post"}],"author":[{"embeddable":true,"href":"https:\/\/www.polishscience.pl\/es\/wp-json\/wp\/v2\/users\/6"}],"replies":[{"embeddable":true,"href":"https:\/\/www.polishscience.pl\/es\/wp-json\/wp\/v2\/comments?post=119238"}],"version-history":[{"count":0,"href":"https:\/\/www.polishscience.pl\/es\/wp-json\/wp\/v2\/posts\/119238\/revisions"}],"wp:attachment":[{"href":"https:\/\/www.polishscience.pl\/es\/wp-json\/wp\/v2\/media?parent=119238"}],"wp:term":[{"taxonomy":"category","embeddable":true,"href":"https:\/\/www.polishscience.pl\/es\/wp-json\/wp\/v2\/categories?post=119238"},{"taxonomy":"post_tag","embeddable":true,"href":"https:\/\/www.polishscience.pl\/es\/wp-json\/wp\/v2\/tags?post=119238"}],"curies":[{"name":"wp","href":"https:\/\/api.w.org\/{rel}","templated":true}]}}