{"id":118168,"date":"2020-03-05T13:40:24","date_gmt":"2020-03-05T12:40:24","guid":{"rendered":"http:\/\/polishscience.pl\/?p=118168"},"modified":"2020-03-05T14:20:25","modified_gmt":"2020-03-05T13:20:25","slug":"feria-internacional-de-educacion-perspektywy-2020","status":"publish","type":"post","link":"https:\/\/www.polishscience.pl\/es\/feria-internacional-de-educacion-perspektywy-2020\/","title":{"rendered":"Feria Internacional de Educaci\u00f3n Perspektywy 2020"},"content":{"rendered":"<p><strong>El Palacio de Cultura y Ciencia de Varsovia vuelve a acoger los d\u00edas 6-7 de marzo la\u00a0 XXXIII Feria de Educaci\u00f3n Perspektywy 2020, que consta de Feria de Escuelas Secundarias en Vars\u00f3via, ferias universitarias nacionales y extranjeras, conferencias de expertos, talleres, reuniones con consejeros vocacionales.<\/strong><\/p>\n<p>El mes de marzo es un buen momento para las \u00faltimas repeticiones antes del examen de octavo grado y los ex\u00e1menes finales, as\u00ed como el momento perfecto para elegir una escuela secundaria o universidad. Durante el evento, se puede combinar estas tareas y, adem\u00e1s, obtener asesoramiento profesional de expertos, informan los organizadores.<\/p>\n<p>El evento, que reuni\u00f3 a m\u00e1s de 30,000 visitantes el a\u00f1o pasado, se lleva a cabo bajo el patrocinio del viceprimer ministro, ministro de Ciencia y Educaci\u00f3n Superior, Jaros\u0142aw Gowin, ministro de Educaci\u00f3n Nacional, Dariusz Piontkowski, el alcalde de Varsovia, Rafa\u0142 Trzaskowski, y el presidente de la Conferencia de Rectores de las Escuelas Acad\u00e9micas de Polonia, el Prof. Ing. Jan Szmidt.<\/p>\n<p>&nbsp;<\/p>\n","protected":false},"excerpt":{"rendered":"<p>El Palacio de Cultura y Ciencia de Varsovia vuelve a acoger los d\u00edas 6-7 de marzo la\u00a0 XXXIII Feria de Educaci\u00f3n Perspektywy 2020, que consta de Feria de Escuelas Secundarias en Vars\u00f3via, ferias universitarias nacionales y extranjeras, conferencias de expertos, talleres, reuniones con consejeros vocacionales. El mes de marzo es un buen momento para las [&hellip;]<\/p>\n","protected":false},"author":6,"featured_media":0,"comment_status":"closed","ping_status":"closed","sticky":false,"template":"","format":"standard","meta":[],"categories":[81],"tags":[],"_links":{"self":[{"href":"https:\/\/www.polishscience.pl\/es\/wp-json\/wp\/v2\/posts\/118168"}],"collection":[{"href":"https:\/\/www.polishscience.pl\/es\/wp-json\/wp\/v2\/posts"}],"about":[{"href":"https:\/\/www.polishscience.pl\/es\/wp-json\/wp\/v2\/types\/post"}],"author":[{"embeddable":true,"href":"https:\/\/www.polishscience.pl\/es\/wp-json\/wp\/v2\/users\/6"}],"replies":[{"embeddable":true,"href":"https:\/\/www.polishscience.pl\/es\/wp-json\/wp\/v2\/comments?post=118168"}],"version-history":[{"count":0,"href":"https:\/\/www.polishscience.pl\/es\/wp-json\/wp\/v2\/posts\/118168\/revisions"}],"wp:attachment":[{"href":"https:\/\/www.polishscience.pl\/es\/wp-json\/wp\/v2\/media?parent=118168"}],"wp:term":[{"taxonomy":"category","embeddable":true,"href":"https:\/\/www.polishscience.pl\/es\/wp-json\/wp\/v2\/categories?post=118168"},{"taxonomy":"post_tag","embeddable":true,"href":"https:\/\/www.polishscience.pl\/es\/wp-json\/wp\/v2\/tags?post=118168"}],"curies":[{"name":"wp","href":"https:\/\/api.w.org\/{rel}","templated":true}]}}