{"id":117860,"date":"2020-03-03T13:38:48","date_gmt":"2020-03-03T12:38:48","guid":{"rendered":"http:\/\/polishscience.pl\/?p=117860"},"modified":"2020-03-03T16:40:03","modified_gmt":"2020-03-03T15:40:03","slug":"conferencia-de-la-academia-polaca-de-ciencias-agua-y-cambio-climatico","status":"publish","type":"post","link":"https:\/\/www.polishscience.pl\/es\/conferencia-de-la-academia-polaca-de-ciencias-agua-y-cambio-climatico\/","title":{"rendered":"Conferencia de la Academia Polaca de Ciencias \u00abAgua y cambio clim\u00e1tico\u00bb"},"content":{"rendered":"<p><strong>El 23 de marzo de 2020 en Varsovia, la Academia Polaca de Ciencias (PAN) est\u00e1 organizando la conferencia \u00abAgua y cambio clim\u00e1tico\u00bb con motivo del D\u00eda Mundial del Agua.<\/strong><\/p>\n<p>Los participantes considerar\u00e1n c\u00f3mo el calentamiento global afecta los recursos h\u00eddricos en Polonia. El debate estar\u00e1 dirigido por el vicepresidente de la PAN, el Prof. Pawe\u0142 Rowi\u0144ski y el presidente del Comit\u00e9 de Gesti\u00f3n del Agua de la PAN, el Prof. Tomasz Okruszko. El invitado ser\u00e1 el Ministro de Clima, el Dr. Micha\u0142 Kurtyka.<\/p>\n<p>Durante la reuni\u00f3n, se realizar\u00e1n varias conferencias. La Dra. Joanna Stru\u017cewska, del Instituto de Protecci\u00f3n del Medio Ambiente, hablar\u00e1 sobre posibles escenarios con respecto a las condiciones t\u00e9rmicas y de precipitaci\u00f3n en Polonia para 2100. La Dra. Iwona Wagner, de la Universidad de \u0141\u00f3d\u017a, abordar\u00e1 el tema de la adaptaci\u00f3n de las ciudades al cambio clim\u00e1tico. A su vez, el Prof. Jan Marcin W\u0119s\u0142awski, del Instituto de Oceanolog\u00eda, Academia de Ciencias de Polonia, tratar\u00e1 el papel importante de los oc\u00e9anos.<\/p>\n","protected":false},"excerpt":{"rendered":"<p>El 23 de marzo de 2020 en Varsovia, la Academia Polaca de Ciencias (PAN) est\u00e1 organizando la conferencia \u00abAgua y cambio clim\u00e1tico\u00bb con motivo del D\u00eda Mundial del Agua. Los participantes considerar\u00e1n c\u00f3mo el calentamiento global afecta los recursos h\u00eddricos en Polonia. El debate estar\u00e1 dirigido por el vicepresidente de la PAN, el Prof. Pawe\u0142 [&hellip;]<\/p>\n","protected":false},"author":6,"featured_media":0,"comment_status":"closed","ping_status":"closed","sticky":false,"template":"","format":"standard","meta":[],"categories":[81],"tags":[],"_links":{"self":[{"href":"https:\/\/www.polishscience.pl\/es\/wp-json\/wp\/v2\/posts\/117860"}],"collection":[{"href":"https:\/\/www.polishscience.pl\/es\/wp-json\/wp\/v2\/posts"}],"about":[{"href":"https:\/\/www.polishscience.pl\/es\/wp-json\/wp\/v2\/types\/post"}],"author":[{"embeddable":true,"href":"https:\/\/www.polishscience.pl\/es\/wp-json\/wp\/v2\/users\/6"}],"replies":[{"embeddable":true,"href":"https:\/\/www.polishscience.pl\/es\/wp-json\/wp\/v2\/comments?post=117860"}],"version-history":[{"count":0,"href":"https:\/\/www.polishscience.pl\/es\/wp-json\/wp\/v2\/posts\/117860\/revisions"}],"wp:attachment":[{"href":"https:\/\/www.polishscience.pl\/es\/wp-json\/wp\/v2\/media?parent=117860"}],"wp:term":[{"taxonomy":"category","embeddable":true,"href":"https:\/\/www.polishscience.pl\/es\/wp-json\/wp\/v2\/categories?post=117860"},{"taxonomy":"post_tag","embeddable":true,"href":"https:\/\/www.polishscience.pl\/es\/wp-json\/wp\/v2\/tags?post=117860"}],"curies":[{"name":"wp","href":"https:\/\/api.w.org\/{rel}","templated":true}]}}