{"id":117515,"date":"2020-03-02T13:59:56","date_gmt":"2020-03-02T12:59:56","guid":{"rendered":"http:\/\/polishscience.pl\/?p=117515"},"modified":"2020-03-02T14:46:09","modified_gmt":"2020-03-02T13:46:09","slug":"lublin-acoge-la-conferencia-mujer-en-la-perspectiva-de-las-ciencias-sociales-y-las-ciencias-medicas","status":"publish","type":"post","link":"https:\/\/www.polishscience.pl\/es\/lublin-acoge-la-conferencia-mujer-en-la-perspectiva-de-las-ciencias-sociales-y-las-ciencias-medicas\/","title":{"rendered":"Lublin acoge conferencia &#8216;Mujer en la perspectiva de las ciencias sociales y las ciencias m\u00e9dicas&#8217;"},"content":{"rendered":"<p><strong>La Universidad de Ciencias Sociales de Lublin invita a participar en la Conferencia Cient\u00edfica Interdisciplinaria &#8216;Mujer en la perspectiva de las ciencias sociales y las ciencias m\u00e9dicas&#8217;, que se celebrar\u00e1 el 6 de marzo de 2020 en Lublin.<\/strong><\/p>\n<p>El prop\u00f3sito de la conferencia es intercambiar los pensamientos, puntos de vista y experiencias de especialistas en el campo de las ciencias sociales, ciencias m\u00e9dicas y de la salud.<\/p>\n<p>En la secci\u00f3n de ciencias sociales, los organizadores quieren abordar tres temas: &#8216;El papel de las mujeres en los contextos cambiantes de la vida social: familia, hogar, trabajo, ocio&#8217;, &#8216;Mujeres en el \u00e1mbito de la vida p\u00fablica y pol\u00edtica&#8217; y &#8216;La imagen de una mujer en los medios de comunicaci\u00f3n&#8217;.<\/p>\n<p>En la secci\u00f3n de ciencias m\u00e9dicas y de la salud, los participantes se centrar\u00e1n en dos temas: &#8216;La salud de la mujer en varios per\u00edodos de su vida: amenazas, enfermedades, acciones y programas preventivos&#8217; y &#8216;Belleza, cuidado, maquillaje: acciones tomadas por cosmet\u00f3logos, farmac\u00f3logos, especialistas en nutrici\u00f3n, dermat\u00f3logos y profesionales de la medicina est\u00e9tica&#8217;.<\/p>\n","protected":false},"excerpt":{"rendered":"<p>La Universidad de Ciencias Sociales de Lublin invita a participar en la Conferencia Cient\u00edfica Interdisciplinaria &#8216;Mujer en la perspectiva de las ciencias sociales y las ciencias m\u00e9dicas&#8217;, que se celebrar\u00e1 el 6 de marzo de 2020 en Lublin. El prop\u00f3sito de la conferencia es intercambiar los pensamientos, puntos de vista y experiencias de especialistas en [&hellip;]<\/p>\n","protected":false},"author":6,"featured_media":0,"comment_status":"closed","ping_status":"closed","sticky":false,"template":"","format":"standard","meta":[],"categories":[81],"tags":[],"_links":{"self":[{"href":"https:\/\/www.polishscience.pl\/es\/wp-json\/wp\/v2\/posts\/117515"}],"collection":[{"href":"https:\/\/www.polishscience.pl\/es\/wp-json\/wp\/v2\/posts"}],"about":[{"href":"https:\/\/www.polishscience.pl\/es\/wp-json\/wp\/v2\/types\/post"}],"author":[{"embeddable":true,"href":"https:\/\/www.polishscience.pl\/es\/wp-json\/wp\/v2\/users\/6"}],"replies":[{"embeddable":true,"href":"https:\/\/www.polishscience.pl\/es\/wp-json\/wp\/v2\/comments?post=117515"}],"version-history":[{"count":0,"href":"https:\/\/www.polishscience.pl\/es\/wp-json\/wp\/v2\/posts\/117515\/revisions"}],"wp:attachment":[{"href":"https:\/\/www.polishscience.pl\/es\/wp-json\/wp\/v2\/media?parent=117515"}],"wp:term":[{"taxonomy":"category","embeddable":true,"href":"https:\/\/www.polishscience.pl\/es\/wp-json\/wp\/v2\/categories?post=117515"},{"taxonomy":"post_tag","embeddable":true,"href":"https:\/\/www.polishscience.pl\/es\/wp-json\/wp\/v2\/tags?post=117515"}],"curies":[{"name":"wp","href":"https:\/\/api.w.org\/{rel}","templated":true}]}}