{"id":116862,"date":"2020-02-25T12:52:35","date_gmt":"2020-02-25T11:52:35","guid":{"rendered":"http:\/\/polishscience.pl\/?p=116862"},"modified":"2020-06-23T17:23:35","modified_gmt":"2020-06-23T15:23:35","slug":"sobre-la-revitalizacion-de-areas-degradadas-durante-una-conferencia-en-la-universidad-de-zielona-gora","status":"publish","type":"post","link":"https:\/\/www.polishscience.pl\/es\/sobre-la-revitalizacion-de-areas-degradadas-durante-una-conferencia-en-la-universidad-de-zielona-gora\/","title":{"rendered":"La revitalizaci\u00f3n de \u00e1reas degradadas. Conferencia en la Universidad de Zielona G\u00f3ra"},"content":{"rendered":"<p><strong>El Instituto de Ingenier\u00eda Civil de la Universidad de Zielona G\u00f3ra invita a una conferencia a cargo de la Profa. Alina Maciejewska titulada \u00abRevitalizaci\u00f3n de \u00e1reas degradadas y su importancia en la gesti\u00f3n racional del espacio\u00bb. El evento tendr\u00e1 lugar el 4 de marzo.<\/strong><\/p>\n<p>La Profa. Alina Maciejewska es experta en ingenier\u00eda del medio ambiente del suelo, ciencia del suelo, recuperaci\u00f3n de tierras degradadas y autora o coautora de m\u00e1s de 200 art\u00edculos cient\u00edficos. La investigaci\u00f3n cient\u00edfica que realiza se refiere a: degradaci\u00f3n qu\u00edmica de los suelos, recuperaci\u00f3n y manejo de tierras degradadas, an\u00e1lisis de condiciones naturales en el manejo espacial, manejo ambiental en el \u00e1rea de municipios, revitalizaci\u00f3n de \u00e1reas degradadas.<\/p>\n<p>La conferencia forma parte de una serie de reuniones abiertas organizadas por el Instituto de Ingenier\u00eda de la Construcci\u00f3n en curso 2019\/2020, apoyando el intercambio de conocimientos en relaci\u00f3n con geoinform\u00e1tica y t\u00e9cnicas satelitales, construcci\u00f3n e ingenier\u00eda ambiental.<\/p>\n","protected":false},"excerpt":{"rendered":"<p>El Instituto de Ingenier\u00eda Civil de la Universidad de Zielona G\u00f3ra invita a una conferencia a cargo de la Profa. Alina Maciejewska titulada \u00abRevitalizaci\u00f3n de \u00e1reas degradadas y su importancia en la gesti\u00f3n racional del espacio\u00bb. El evento tendr\u00e1 lugar el 4 de marzo. La Profa. Alina Maciejewska es experta en ingenier\u00eda del medio ambiente [&hellip;]<\/p>\n","protected":false},"author":6,"featured_media":0,"comment_status":"closed","ping_status":"closed","sticky":false,"template":"","format":"standard","meta":[],"categories":[74,81],"tags":[],"_links":{"self":[{"href":"https:\/\/www.polishscience.pl\/es\/wp-json\/wp\/v2\/posts\/116862"}],"collection":[{"href":"https:\/\/www.polishscience.pl\/es\/wp-json\/wp\/v2\/posts"}],"about":[{"href":"https:\/\/www.polishscience.pl\/es\/wp-json\/wp\/v2\/types\/post"}],"author":[{"embeddable":true,"href":"https:\/\/www.polishscience.pl\/es\/wp-json\/wp\/v2\/users\/6"}],"replies":[{"embeddable":true,"href":"https:\/\/www.polishscience.pl\/es\/wp-json\/wp\/v2\/comments?post=116862"}],"version-history":[{"count":0,"href":"https:\/\/www.polishscience.pl\/es\/wp-json\/wp\/v2\/posts\/116862\/revisions"}],"wp:attachment":[{"href":"https:\/\/www.polishscience.pl\/es\/wp-json\/wp\/v2\/media?parent=116862"}],"wp:term":[{"taxonomy":"category","embeddable":true,"href":"https:\/\/www.polishscience.pl\/es\/wp-json\/wp\/v2\/categories?post=116862"},{"taxonomy":"post_tag","embeddable":true,"href":"https:\/\/www.polishscience.pl\/es\/wp-json\/wp\/v2\/tags?post=116862"}],"curies":[{"name":"wp","href":"https:\/\/api.w.org\/{rel}","templated":true}]}}