{"id":116849,"date":"2020-02-25T12:11:30","date_gmt":"2020-02-25T11:11:30","guid":{"rendered":"http:\/\/polishscience.pl\/?p=116849"},"modified":"2020-02-25T14:11:42","modified_gmt":"2020-02-25T13:11:42","slug":"veritas-et-libertas-concurso-de-fotografia-con-motivo-del-75-aniversario-de-la-universidad-de-lodz","status":"publish","type":"post","link":"https:\/\/www.polishscience.pl\/es\/veritas-et-libertas-concurso-de-fotografia-con-motivo-del-75-aniversario-de-la-universidad-de-lodz\/","title":{"rendered":"\u00abVeritas et Libertas\u00bb. Concurso de fotograf\u00eda con motivo del 75 aniversario de la Universidad de \u0141\u00f3d\u017a"},"content":{"rendered":"<p><strong>Con motivo del 75 aniversario, la Universidad de \u0141\u00f3d\u017a (U\u0141) organiza un concurso nacional de fotograf\u00eda, cuyo tema es el lema de la Universidad: \u00abVeritas et Libertas\u00bb (\u00abVerdad y Libertad\u00bb).<\/strong><\/p>\n<p>Como lo se\u00f1al\u00f3 el Prof. Tomasz Ferenc, comisionado de competencia, el objetivo del evento es \u00abvisualizar, interpretar y actualizar la idea depositada en el lema de la Universidad de \u0141\u00f3d\u017a, y as\u00ed imaginar y redefinir los valores en los que se fund\u00f3 la universidad \u0141\u00f3d\u017a\u00bb.<\/p>\n<p>La competencia va dirigida a todos aquellos interesados en fotograf\u00eda. El objetivo es crear la plataforma m\u00e1s amplia posible que conecte a fot\u00f3grafos de toda Polonia que trabajen en diferentes estilos y g\u00e9neros fotogr\u00e1ficos.<\/p>\n<p>Los interesados pueden enviar fotos hasta el 10 de mayo a: <a href=\"mailto:konkurs.foto@uni.lodz.pl\">konkurs.foto@uni.lodz.pl<\/a>. El premio principal es de 5000 zlotys.<\/p>\n","protected":false},"excerpt":{"rendered":"<p>Con motivo del 75 aniversario, la Universidad de \u0141\u00f3d\u017a (U\u0141) organiza un concurso nacional de fotograf\u00eda, cuyo tema es el lema de la Universidad: \u00abVeritas et Libertas\u00bb (\u00abVerdad y Libertad\u00bb). Como lo se\u00f1al\u00f3 el Prof. Tomasz Ferenc, comisionado de competencia, el objetivo del evento es \u00abvisualizar, interpretar y actualizar la idea depositada en el lema [&hellip;]<\/p>\n","protected":false},"author":6,"featured_media":0,"comment_status":"closed","ping_status":"closed","sticky":false,"template":"","format":"standard","meta":[],"categories":[81],"tags":[],"_links":{"self":[{"href":"https:\/\/www.polishscience.pl\/es\/wp-json\/wp\/v2\/posts\/116849"}],"collection":[{"href":"https:\/\/www.polishscience.pl\/es\/wp-json\/wp\/v2\/posts"}],"about":[{"href":"https:\/\/www.polishscience.pl\/es\/wp-json\/wp\/v2\/types\/post"}],"author":[{"embeddable":true,"href":"https:\/\/www.polishscience.pl\/es\/wp-json\/wp\/v2\/users\/6"}],"replies":[{"embeddable":true,"href":"https:\/\/www.polishscience.pl\/es\/wp-json\/wp\/v2\/comments?post=116849"}],"version-history":[{"count":0,"href":"https:\/\/www.polishscience.pl\/es\/wp-json\/wp\/v2\/posts\/116849\/revisions"}],"wp:attachment":[{"href":"https:\/\/www.polishscience.pl\/es\/wp-json\/wp\/v2\/media?parent=116849"}],"wp:term":[{"taxonomy":"category","embeddable":true,"href":"https:\/\/www.polishscience.pl\/es\/wp-json\/wp\/v2\/categories?post=116849"},{"taxonomy":"post_tag","embeddable":true,"href":"https:\/\/www.polishscience.pl\/es\/wp-json\/wp\/v2\/tags?post=116849"}],"curies":[{"name":"wp","href":"https:\/\/api.w.org\/{rel}","templated":true}]}}