{"id":116651,"date":"2020-02-24T11:19:07","date_gmt":"2020-02-24T10:19:07","guid":{"rendered":"http:\/\/polishscience.pl\/?p=116651"},"modified":"2020-02-24T14:22:50","modified_gmt":"2020-02-24T13:22:50","slug":"la-educacion-infantil-en-la-perspectiva-historica-conferencia-internacional-en-gorzow-wielkopolski","status":"publish","type":"post","link":"https:\/\/www.polishscience.pl\/es\/la-educacion-infantil-en-la-perspectiva-historica-conferencia-internacional-en-gorzow-wielkopolski\/","title":{"rendered":"\u00abLa educaci\u00f3n infantil en la perspectiva hist\u00f3rica\u00bb. Conferencia internacional en Gorz\u00f3w Wielkopolski"},"content":{"rendered":"<p><strong>El Departamento de Educaci\u00f3n de la Facultad de Humanidades, el Centro Acad\u00e9mico de Investigaci\u00f3n Eurorregional y el Centro Acad\u00e9mico de Estudios Ucranianos de la Academia Jakub de Parady\u017c en Gorz\u00f3w Wielkopolski y el Departamento de Ciencias Sociales y Humanidades de la Universidad M\u00e9dica de Pozna\u0144 le invitan a la Conferencia Cient\u00edfica Interdisciplinaria Internacional \u00abEducaci\u00f3n infantil en la perspectiva hist\u00f3rica\u00bb, que se realizar\u00e1 el 11 de mayo.<\/strong><\/p>\n<p>El objetivo de la conferencia es presentar varias formas y m\u00e9todos de ense\u00f1anza, sistemas filos\u00f3ficos y centros relacionados con la educaci\u00f3n de ni\u00f1os sanos y enfermos a lo largo de la historia, tanto en Polonia como en el mundo.<\/p>\n<p>El evento va dirigido a educadores, psic\u00f3logos, historiadores, ling\u00fcistas, eruditos literarios, fil\u00f3sofos, profesores e investigadores profesionales interesados en el tema de la educaci\u00f3n infantil.<\/p>\n","protected":false},"excerpt":{"rendered":"<p>El Departamento de Educaci\u00f3n de la Facultad de Humanidades, el Centro Acad\u00e9mico de Investigaci\u00f3n Eurorregional y el Centro Acad\u00e9mico de Estudios Ucranianos de la Academia Jakub de Parady\u017c en Gorz\u00f3w Wielkopolski y el Departamento de Ciencias Sociales y Humanidades de la Universidad M\u00e9dica de Pozna\u0144 le invitan a la Conferencia Cient\u00edfica Interdisciplinaria Internacional \u00abEducaci\u00f3n infantil [&hellip;]<\/p>\n","protected":false},"author":6,"featured_media":0,"comment_status":"closed","ping_status":"closed","sticky":false,"template":"","format":"standard","meta":[],"categories":[81],"tags":[],"_links":{"self":[{"href":"https:\/\/www.polishscience.pl\/es\/wp-json\/wp\/v2\/posts\/116651"}],"collection":[{"href":"https:\/\/www.polishscience.pl\/es\/wp-json\/wp\/v2\/posts"}],"about":[{"href":"https:\/\/www.polishscience.pl\/es\/wp-json\/wp\/v2\/types\/post"}],"author":[{"embeddable":true,"href":"https:\/\/www.polishscience.pl\/es\/wp-json\/wp\/v2\/users\/6"}],"replies":[{"embeddable":true,"href":"https:\/\/www.polishscience.pl\/es\/wp-json\/wp\/v2\/comments?post=116651"}],"version-history":[{"count":0,"href":"https:\/\/www.polishscience.pl\/es\/wp-json\/wp\/v2\/posts\/116651\/revisions"}],"wp:attachment":[{"href":"https:\/\/www.polishscience.pl\/es\/wp-json\/wp\/v2\/media?parent=116651"}],"wp:term":[{"taxonomy":"category","embeddable":true,"href":"https:\/\/www.polishscience.pl\/es\/wp-json\/wp\/v2\/categories?post=116651"},{"taxonomy":"post_tag","embeddable":true,"href":"https:\/\/www.polishscience.pl\/es\/wp-json\/wp\/v2\/tags?post=116651"}],"curies":[{"name":"wp","href":"https:\/\/api.w.org\/{rel}","templated":true}]}}