{"id":116413,"date":"2020-02-21T15:07:54","date_gmt":"2020-02-21T14:07:54","guid":{"rendered":"http:\/\/polishscience.pl\/?p=116413"},"modified":"2020-02-21T16:05:20","modified_gmt":"2020-02-21T15:05:20","slug":"el-universo-de-comenio-del-pansofismo-a-la-globalizacion-conferencia-en-leszno","status":"publish","type":"post","link":"https:\/\/www.polishscience.pl\/es\/el-universo-de-comenio-del-pansofismo-a-la-globalizacion-conferencia-en-leszno\/","title":{"rendered":"\u201cEl universo de Comenio: del pansofismo a la globalizaci\u00f3n\u201d. Conferencia en Leszno"},"content":{"rendered":"<p><strong>La Escuela de Formaci\u00f3n Profesional Juan Amos Comenio en Leszno invita a participar en la conferencia \u00abEl Universo de Comenio: del pansofismo a la globalizaci\u00f3n\u00bb. La conferencia se organiza con el motivo de celebrar el D\u00eda del Patr\u00f3n, que es el 14 de mayo.<\/strong><\/p>\n<p>Entre las cuestiones que se planean abordar est\u00e1n: la dimensi\u00f3n europea de la vida y obra de Juan Amos Comenio, la filosof\u00eda de Juan Amos Comenio, la sociedad y la familia en la obra de Juan Amos Comenio, la universalidad del pensamiento pedag\u00f3gico de Juan Amos Comenio y la recepci\u00f3n de las opiniones de Juan Amos Comenio a lo largo de los siglos.<\/p>\n<p>Leszno fue una de las paradas del viaje de la vida de Comenio. Fue en esta ciudad donde Comenio describi\u00f3 sus ideas pedag\u00f3gicas contenidas en <em>Didactica magna<\/em>, desarroll\u00f3 el concepto del pansofismo y se dedic\u00f3 al trabajo educativo, introduciendo soluciones innovadoras. La estancia en Leszno es el per\u00edodo m\u00e1s creativo de su actividad, informa la Escuela.<\/p>\n","protected":false},"excerpt":{"rendered":"<p>La Escuela de Formaci\u00f3n Profesional Juan Amos Comenio en Leszno invita a participar en la conferencia \u00abEl Universo de Comenio: del pansofismo a la globalizaci\u00f3n\u00bb. La conferencia se organiza con el motivo de celebrar el D\u00eda del Patr\u00f3n, que es el 14 de mayo. Entre las cuestiones que se planean abordar est\u00e1n: la dimensi\u00f3n europea [&hellip;]<\/p>\n","protected":false},"author":6,"featured_media":0,"comment_status":"closed","ping_status":"closed","sticky":false,"template":"","format":"standard","meta":[],"categories":[81],"tags":[],"_links":{"self":[{"href":"https:\/\/www.polishscience.pl\/es\/wp-json\/wp\/v2\/posts\/116413"}],"collection":[{"href":"https:\/\/www.polishscience.pl\/es\/wp-json\/wp\/v2\/posts"}],"about":[{"href":"https:\/\/www.polishscience.pl\/es\/wp-json\/wp\/v2\/types\/post"}],"author":[{"embeddable":true,"href":"https:\/\/www.polishscience.pl\/es\/wp-json\/wp\/v2\/users\/6"}],"replies":[{"embeddable":true,"href":"https:\/\/www.polishscience.pl\/es\/wp-json\/wp\/v2\/comments?post=116413"}],"version-history":[{"count":0,"href":"https:\/\/www.polishscience.pl\/es\/wp-json\/wp\/v2\/posts\/116413\/revisions"}],"wp:attachment":[{"href":"https:\/\/www.polishscience.pl\/es\/wp-json\/wp\/v2\/media?parent=116413"}],"wp:term":[{"taxonomy":"category","embeddable":true,"href":"https:\/\/www.polishscience.pl\/es\/wp-json\/wp\/v2\/categories?post=116413"},{"taxonomy":"post_tag","embeddable":true,"href":"https:\/\/www.polishscience.pl\/es\/wp-json\/wp\/v2\/tags?post=116413"}],"curies":[{"name":"wp","href":"https:\/\/api.w.org\/{rel}","templated":true}]}}