{"id":116164,"date":"2020-02-20T12:19:40","date_gmt":"2020-02-20T11:19:40","guid":{"rendered":"http:\/\/polishscience.pl\/?p=116164"},"modified":"2020-02-20T14:25:22","modified_gmt":"2020-02-20T13:25:22","slug":"la-sociedad-polaca-de-fisica-celebra-su-centenario-con-un-congreso-extraordinario","status":"publish","type":"post","link":"https:\/\/www.polishscience.pl\/es\/la-sociedad-polaca-de-fisica-celebra-su-centenario-con-un-congreso-extraordinario\/","title":{"rendered":"La Sociedad Polaca de F\u00edsica celebra su centenario con un Congreso extraordinario"},"content":{"rendered":"<p><strong>Con el motivo de celebrar su centenario, la Sociedad F\u00edsica de Polonia (PTF) organiza los d\u00edas 24-26 de abril un congreso extraordinario de f\u00edsicos polacos. El evento se organiza bajo auspicios del viceprimer ministro, ministro de Ciencia y Educaci\u00f3n Superior Jaros\u0142aw Gowin.<\/strong><\/p>\n<p>El objetivo del Congreso es mostrar los logros de la f\u00edsica polaca y su importancia para el desarrollo de Polonia durante los 100 a\u00f1os de la PTF.<\/p>\n<p>El congreso durar\u00e1 tres d\u00edas. El primero se dedicar\u00e1 a la perspectiva hist\u00f3rica del siglo XX de la f\u00edsica en Polonia y tendr\u00e1 lugar en el hist\u00f3rico Edificio de F\u00edsica de la Universidad Tecnol\u00f3gica de Varsovia, donde la Sociedad F\u00edsica de Polonia ha sido fundada.<\/p>\n<p>El segundo d\u00eda estar\u00e1 dedicado a la actualidad. Los f\u00edsicos se trasladar\u00e1n al moderno edificio de la Facultad de F\u00edsica de la Universidad de Varsovia. All\u00ed, los autores de los logros m\u00e1s espectaculares de la f\u00edsica en Polonia, y al mismo tiempo destacados divulgadores de la ciencia, hablar\u00e1n de manera accesible sobre sus investigaciones y las de sus colegas.<br \/>\nEl tercer d\u00eda del congreso ser\u00e1 una celebraci\u00f3n de docentes. La did\u00e1ctica polaca sobresaliente discutir\u00e1 la historia de la ense\u00f1anza de la f\u00edsica.<\/p>\n","protected":false},"excerpt":{"rendered":"<p>Con el motivo de celebrar su centenario, la Sociedad F\u00edsica de Polonia (PTF) organiza los d\u00edas 24-26 de abril un congreso extraordinario de f\u00edsicos polacos. El evento se organiza bajo auspicios del viceprimer ministro, ministro de Ciencia y Educaci\u00f3n Superior Jaros\u0142aw Gowin. El objetivo del Congreso es mostrar los logros de la f\u00edsica polaca y [&hellip;]<\/p>\n","protected":false},"author":6,"featured_media":0,"comment_status":"closed","ping_status":"closed","sticky":false,"template":"","format":"standard","meta":[],"categories":[81],"tags":[],"_links":{"self":[{"href":"https:\/\/www.polishscience.pl\/es\/wp-json\/wp\/v2\/posts\/116164"}],"collection":[{"href":"https:\/\/www.polishscience.pl\/es\/wp-json\/wp\/v2\/posts"}],"about":[{"href":"https:\/\/www.polishscience.pl\/es\/wp-json\/wp\/v2\/types\/post"}],"author":[{"embeddable":true,"href":"https:\/\/www.polishscience.pl\/es\/wp-json\/wp\/v2\/users\/6"}],"replies":[{"embeddable":true,"href":"https:\/\/www.polishscience.pl\/es\/wp-json\/wp\/v2\/comments?post=116164"}],"version-history":[{"count":0,"href":"https:\/\/www.polishscience.pl\/es\/wp-json\/wp\/v2\/posts\/116164\/revisions"}],"wp:attachment":[{"href":"https:\/\/www.polishscience.pl\/es\/wp-json\/wp\/v2\/media?parent=116164"}],"wp:term":[{"taxonomy":"category","embeddable":true,"href":"https:\/\/www.polishscience.pl\/es\/wp-json\/wp\/v2\/categories?post=116164"},{"taxonomy":"post_tag","embeddable":true,"href":"https:\/\/www.polishscience.pl\/es\/wp-json\/wp\/v2\/tags?post=116164"}],"curies":[{"name":"wp","href":"https:\/\/api.w.org\/{rel}","templated":true}]}}