{"id":115545,"date":"2020-02-17T13:29:09","date_gmt":"2020-02-17T12:29:09","guid":{"rendered":"http:\/\/polishscience.pl\/?p=115545"},"modified":"2020-02-17T15:31:44","modified_gmt":"2020-02-17T14:31:44","slug":"conferencia-terrorismo-amenazas-prevencion-perspectivas","status":"publish","type":"post","link":"https:\/\/www.polishscience.pl\/es\/conferencia-terrorismo-amenazas-prevencion-perspectivas\/","title":{"rendered":"Conferencia \u00abTerrorismo: amenazas, prevenci\u00f3n, perspectivas\u00bb"},"content":{"rendered":"<p><strong>La Fundaci\u00f3n TYGIEL para la Promoci\u00f3n de la Ciencia y el Desarrollo organiza la 4\u00aa Conferencia Cient\u00edfica Nacional \u00abTerrorismo: amenazas, prevenci\u00f3n, perspectiva\u00bb, que tendr\u00e1 lugar en Lublin el 21 de febrero de 2020.<\/strong><\/p>\n<p>El objetivo del evento es intercambiar conocimientos, experiencias y, sobre todo, una discusi\u00f3n cient\u00edfica exhaustiva sobre el problema del terrorismo. Seg\u00fan los organizadores, \u00abla reflexi\u00f3n abarcar\u00e1 no solo las formas contempor\u00e1neas de terrorismo, sino tambi\u00e9n sus aspectos hist\u00f3ricos y sus perspectivas futuras\u00bb. Durante la conferencia, adem\u00e1s de las consideraciones te\u00f3ricas sobre el fen\u00f3meno del terrorismo, los participantes podr\u00e1n aprender soluciones preventivas pr\u00e1cticas y soluciones destinadas a eliminar los efectos de los ataques.<\/p>\n<p>Seg\u00fan los organizadores, el fen\u00f3meno del terrorismo cubre la mayor\u00eda de los campos de la ciencia. Esto se debe a su impacto ubicuo que afecta a todos los ciudadanos, as\u00ed como al uso de herramientas de psicolog\u00eda, pol\u00edtica, sociolog\u00eda, biolog\u00eda, qu\u00edmica y tecnolog\u00eda de la informaci\u00f3n.<\/p>\n","protected":false},"excerpt":{"rendered":"<p>La Fundaci\u00f3n TYGIEL para la Promoci\u00f3n de la Ciencia y el Desarrollo organiza la 4\u00aa Conferencia Cient\u00edfica Nacional \u00abTerrorismo: amenazas, prevenci\u00f3n, perspectiva\u00bb, que tendr\u00e1 lugar en Lublin el 21 de febrero de 2020. El objetivo del evento es intercambiar conocimientos, experiencias y, sobre todo, una discusi\u00f3n cient\u00edfica exhaustiva sobre el problema del terrorismo. Seg\u00fan los [&hellip;]<\/p>\n","protected":false},"author":6,"featured_media":0,"comment_status":"closed","ping_status":"closed","sticky":false,"template":"","format":"standard","meta":[],"categories":[81],"tags":[],"_links":{"self":[{"href":"https:\/\/www.polishscience.pl\/es\/wp-json\/wp\/v2\/posts\/115545"}],"collection":[{"href":"https:\/\/www.polishscience.pl\/es\/wp-json\/wp\/v2\/posts"}],"about":[{"href":"https:\/\/www.polishscience.pl\/es\/wp-json\/wp\/v2\/types\/post"}],"author":[{"embeddable":true,"href":"https:\/\/www.polishscience.pl\/es\/wp-json\/wp\/v2\/users\/6"}],"replies":[{"embeddable":true,"href":"https:\/\/www.polishscience.pl\/es\/wp-json\/wp\/v2\/comments?post=115545"}],"version-history":[{"count":0,"href":"https:\/\/www.polishscience.pl\/es\/wp-json\/wp\/v2\/posts\/115545\/revisions"}],"wp:attachment":[{"href":"https:\/\/www.polishscience.pl\/es\/wp-json\/wp\/v2\/media?parent=115545"}],"wp:term":[{"taxonomy":"category","embeddable":true,"href":"https:\/\/www.polishscience.pl\/es\/wp-json\/wp\/v2\/categories?post=115545"},{"taxonomy":"post_tag","embeddable":true,"href":"https:\/\/www.polishscience.pl\/es\/wp-json\/wp\/v2\/tags?post=115545"}],"curies":[{"name":"wp","href":"https:\/\/api.w.org\/{rel}","templated":true}]}}