{"id":115532,"date":"2020-02-17T14:18:34","date_gmt":"2020-02-17T13:18:34","guid":{"rendered":"http:\/\/polishscience.pl\/?p=115532"},"modified":"2020-02-17T14:18:34","modified_gmt":"2020-02-17T13:18:34","slug":"universidad-abierta-de-fotografia-de-cracovia-abre-preinscripciones","status":"publish","type":"post","link":"https:\/\/www.polishscience.pl\/es\/universidad-abierta-de-fotografia-de-cracovia-abre-preinscripciones\/","title":{"rendered":"Universidad Abierta de Fotograf\u00eda de Cracovia abre preinscripciones"},"content":{"rendered":"<p><strong>Est\u00e1n abiertas las preinscripciones para la edici\u00f3n de primavera del Universidad Abierta de Fotograf\u00eda de la Universidad Tecnol\u00f3gica de Cracovia. El curso comenzar\u00e1 el 13 de marzo y durar\u00e1 hasta el 26 de junio de 2020. El orden de presentaci\u00f3n de solicitudes decide sobre la admisi\u00f3n.<\/strong><\/p>\n<p>Conferencias y clases pr\u00e1cticas del Estudio de Fotograf\u00eda Abierta de la Universidad Tecnol\u00f3gica de Cracovia duran un semestre acad\u00e9mico y est\u00e1n dirigidas por reconocidos profesores de la Universidad Tecnol\u00f3gica de Cracovia, la Academia de Bellas Artes de Cracovia, la Universidad Jaguel\u00f3nica y miembros de la Asociaci\u00f3n Polaca de Fot\u00f3grafos de Arte y empleados del Museo de Historia de la Fotograf\u00eda de Cracovia. El curso finaliza con una exposici\u00f3n colectiva de fotograf\u00edas de los participantes.<\/p>\n<p>Se trata de una iniciativa para entusiastas principiantes, as\u00ed como para fot\u00f3grafos que desean mejorar sus habilidades y profundizar sus conocimientos. Durante las clases, el conocimiento te\u00f3rico sobre fotograf\u00eda se combina con una pr\u00e1ctica mejorada en un estudio de fotograf\u00eda y computaci\u00f3n, as\u00ed como en exteriores.<\/p>\n","protected":false},"excerpt":{"rendered":"<p>Est\u00e1n abiertas las preinscripciones para la edici\u00f3n de primavera del Universidad Abierta de Fotograf\u00eda de la Universidad Tecnol\u00f3gica de Cracovia. El curso comenzar\u00e1 el 13 de marzo y durar\u00e1 hasta el 26 de junio de 2020. El orden de presentaci\u00f3n de solicitudes decide sobre la admisi\u00f3n. Conferencias y clases pr\u00e1cticas del Estudio de Fotograf\u00eda Abierta [&hellip;]<\/p>\n","protected":false},"author":6,"featured_media":0,"comment_status":"closed","ping_status":"closed","sticky":false,"template":"","format":"standard","meta":[],"categories":[81],"tags":[],"_links":{"self":[{"href":"https:\/\/www.polishscience.pl\/es\/wp-json\/wp\/v2\/posts\/115532"}],"collection":[{"href":"https:\/\/www.polishscience.pl\/es\/wp-json\/wp\/v2\/posts"}],"about":[{"href":"https:\/\/www.polishscience.pl\/es\/wp-json\/wp\/v2\/types\/post"}],"author":[{"embeddable":true,"href":"https:\/\/www.polishscience.pl\/es\/wp-json\/wp\/v2\/users\/6"}],"replies":[{"embeddable":true,"href":"https:\/\/www.polishscience.pl\/es\/wp-json\/wp\/v2\/comments?post=115532"}],"version-history":[{"count":0,"href":"https:\/\/www.polishscience.pl\/es\/wp-json\/wp\/v2\/posts\/115532\/revisions"}],"wp:attachment":[{"href":"https:\/\/www.polishscience.pl\/es\/wp-json\/wp\/v2\/media?parent=115532"}],"wp:term":[{"taxonomy":"category","embeddable":true,"href":"https:\/\/www.polishscience.pl\/es\/wp-json\/wp\/v2\/categories?post=115532"},{"taxonomy":"post_tag","embeddable":true,"href":"https:\/\/www.polishscience.pl\/es\/wp-json\/wp\/v2\/tags?post=115532"}],"curies":[{"name":"wp","href":"https:\/\/api.w.org\/{rel}","templated":true}]}}