{"id":114952,"date":"2020-02-12T12:05:50","date_gmt":"2020-02-12T11:05:50","guid":{"rendered":"http:\/\/polishscience.pl\/?p=114952"},"modified":"2020-02-12T16:13:49","modified_gmt":"2020-02-12T15:13:49","slug":"por-vigesima-vez-los-cientificos-han-contado-murcielagos-en-la-region-fortificada-de-miedzyrzecz","status":"publish","type":"post","link":"https:\/\/www.polishscience.pl\/es\/por-vigesima-vez-los-cientificos-han-contado-murcielagos-en-la-region-fortificada-de-miedzyrzecz\/","title":{"rendered":"Por vig\u00e9sima vez, los cient\u00edficos han contado murci\u00e9lagos en la regi\u00f3n fortificada de Mi\u0119dzyrzecz"},"content":{"rendered":"<p><strong>Cient\u00edficos de la Universidad Medioambiental y de Ciencias de la Vida en Wroc\u0142aw junto con quiropter\u00f3logos de toda Europa contaron murci\u00e9lagos en la regi\u00f3n fortificada de Mi\u0119dzyrzecz. A trav\u00e9s de observaciones, los investigadores saben c\u00f3mo el cambio clim\u00e1tico afecta a estos mam\u00edferos.<\/strong><\/p>\n<p>Este a\u00f1o contamos exactamente 38 910 murci\u00e9lagos. Eso es 300 m\u00e1s que el a\u00f1o pasado. Sin embargo, hemos observado cambios significativos en el n\u00famero de especies diferentes. Debido al calentamiento global, la temperatura en el subsuelo, en la que hibernan los murci\u00e9lagos, tambi\u00e9n aumenta. Las especies termof\u00edlicas se encuentran excelentes en tales condiciones, hay cada vez m\u00e1s. Lo que nos preocupa es la disminuci\u00f3n en el n\u00famero de especies amantes del fr\u00edo, como murci\u00e9lago barbastela, murci\u00e9lago orejudo dorado, murci\u00e9lago bigotudo y murci\u00e9lago ribere\u00f1o, explica el coordinador de conteo, el Dr. Tomasz Kokurewicz.<br \/>\nCada 5 a\u00f1os, los cient\u00edficos env\u00edan informes a Bruselas en funci\u00f3n de las estrategias establecidas para la protecci\u00f3n de especies y h\u00e1bitates individuales.<\/p>\n<p>M\u00e1s: <a href=\"http:\/\/www.glos.upwr.edu.pl\/aktualnosci\/50814\/nietoperze_jak_barometr_zmian_klimatu.html\">http:\/\/www.glos.upwr.edu.pl\/aktualnosci\/50814\/nietoperze_jak_barometr_zmian_klimatu.html<\/a><\/p>\n","protected":false},"excerpt":{"rendered":"<p>Cient\u00edficos de la Universidad Medioambiental y de Ciencias de la Vida en Wroc\u0142aw junto con quiropter\u00f3logos de toda Europa contaron murci\u00e9lagos en la regi\u00f3n fortificada de Mi\u0119dzyrzecz. A trav\u00e9s de observaciones, los investigadores saben c\u00f3mo el cambio clim\u00e1tico afecta a estos mam\u00edferos. Este a\u00f1o contamos exactamente 38 910 murci\u00e9lagos. Eso es 300 m\u00e1s que el [&hellip;]<\/p>\n","protected":false},"author":6,"featured_media":0,"comment_status":"closed","ping_status":"closed","sticky":false,"template":"","format":"standard","meta":[],"categories":[81],"tags":[],"_links":{"self":[{"href":"https:\/\/www.polishscience.pl\/es\/wp-json\/wp\/v2\/posts\/114952"}],"collection":[{"href":"https:\/\/www.polishscience.pl\/es\/wp-json\/wp\/v2\/posts"}],"about":[{"href":"https:\/\/www.polishscience.pl\/es\/wp-json\/wp\/v2\/types\/post"}],"author":[{"embeddable":true,"href":"https:\/\/www.polishscience.pl\/es\/wp-json\/wp\/v2\/users\/6"}],"replies":[{"embeddable":true,"href":"https:\/\/www.polishscience.pl\/es\/wp-json\/wp\/v2\/comments?post=114952"}],"version-history":[{"count":0,"href":"https:\/\/www.polishscience.pl\/es\/wp-json\/wp\/v2\/posts\/114952\/revisions"}],"wp:attachment":[{"href":"https:\/\/www.polishscience.pl\/es\/wp-json\/wp\/v2\/media?parent=114952"}],"wp:term":[{"taxonomy":"category","embeddable":true,"href":"https:\/\/www.polishscience.pl\/es\/wp-json\/wp\/v2\/categories?post=114952"},{"taxonomy":"post_tag","embeddable":true,"href":"https:\/\/www.polishscience.pl\/es\/wp-json\/wp\/v2\/tags?post=114952"}],"curies":[{"name":"wp","href":"https:\/\/api.w.org\/{rel}","templated":true}]}}