{"id":114870,"date":"2020-02-12T12:15:20","date_gmt":"2020-02-12T11:15:20","guid":{"rendered":"http:\/\/polishscience.pl\/?p=114870"},"modified":"2020-02-12T15:17:02","modified_gmt":"2020-02-12T14:17:02","slug":"bialystok-acoge-conferencia-sobre-tendencias-en-comunicacion-universitaria","status":"publish","type":"post","link":"https:\/\/www.polishscience.pl\/es\/bialystok-acoge-conferencia-sobre-tendencias-en-comunicacion-universitaria\/","title":{"rendered":"Bia\u0142ystok acoge conferencia sobre tendencias en comunicaci\u00f3n universitaria"},"content":{"rendered":"<p><strong>Del 15 al 18 de marzo de 2020 en Bia\u0142ystok se celebrar\u00e1 la XXXIV Conferencia de la Asociaci\u00f3n de Relaciones P\u00fablicas y la Promoci\u00f3n de las Universidades Polacas \u00abPRom\u00bb. La Universidad Tecnol\u00f3gica de Bia\u0142ystok es la coorganizadora del evento.<\/strong><\/p>\n<p>La Conferencia de la Asociaci\u00f3n de Relaciones P\u00fablicas y la Promoci\u00f3n\u00a0 de las Universidades Polacas \u00abPRom\u00bb es un evento c\u00edclico. Este a\u00f1o, se levar\u00e1 a cabo en Bia\u0142ystok bajo el lema \u00abTendencias en la comunicaci\u00f3n universitaria. Perspectivas de futuro\u00bb. El evento cuenta con apoyo especial del Ministro de Ciencia y Educaci\u00f3n Superior y el Rector de la Universidad Tecnol\u00f3gica de Bia\u0142ystok.<\/p>\n<p>El evento va dirigido a los empleados de las universidades responsables de la pol\u00edtica de informaci\u00f3n, comunicaci\u00f3n y marketing, especialmente los voceros y empleados de las oficinas de promoci\u00f3n y marketing.<\/p>\n","protected":false},"excerpt":{"rendered":"<p>Del 15 al 18 de marzo de 2020 en Bia\u0142ystok se celebrar\u00e1 la XXXIV Conferencia de la Asociaci\u00f3n de Relaciones P\u00fablicas y la Promoci\u00f3n de las Universidades Polacas \u00abPRom\u00bb. La Universidad Tecnol\u00f3gica de Bia\u0142ystok es la coorganizadora del evento. La Conferencia de la Asociaci\u00f3n de Relaciones P\u00fablicas y la Promoci\u00f3n\u00a0 de las Universidades Polacas \u00abPRom\u00bb [&hellip;]<\/p>\n","protected":false},"author":6,"featured_media":0,"comment_status":"closed","ping_status":"closed","sticky":false,"template":"","format":"standard","meta":[],"categories":[81],"tags":[],"_links":{"self":[{"href":"https:\/\/www.polishscience.pl\/es\/wp-json\/wp\/v2\/posts\/114870"}],"collection":[{"href":"https:\/\/www.polishscience.pl\/es\/wp-json\/wp\/v2\/posts"}],"about":[{"href":"https:\/\/www.polishscience.pl\/es\/wp-json\/wp\/v2\/types\/post"}],"author":[{"embeddable":true,"href":"https:\/\/www.polishscience.pl\/es\/wp-json\/wp\/v2\/users\/6"}],"replies":[{"embeddable":true,"href":"https:\/\/www.polishscience.pl\/es\/wp-json\/wp\/v2\/comments?post=114870"}],"version-history":[{"count":0,"href":"https:\/\/www.polishscience.pl\/es\/wp-json\/wp\/v2\/posts\/114870\/revisions"}],"wp:attachment":[{"href":"https:\/\/www.polishscience.pl\/es\/wp-json\/wp\/v2\/media?parent=114870"}],"wp:term":[{"taxonomy":"category","embeddable":true,"href":"https:\/\/www.polishscience.pl\/es\/wp-json\/wp\/v2\/categories?post=114870"},{"taxonomy":"post_tag","embeddable":true,"href":"https:\/\/www.polishscience.pl\/es\/wp-json\/wp\/v2\/tags?post=114870"}],"curies":[{"name":"wp","href":"https:\/\/api.w.org\/{rel}","templated":true}]}}