{"id":114473,"date":"2020-02-10T15:20:03","date_gmt":"2020-02-10T14:20:03","guid":{"rendered":"http:\/\/polishscience.pl\/?p=114473"},"modified":"2020-02-10T15:20:03","modified_gmt":"2020-02-10T14:20:03","slug":"primer-congreso-de-humanistas-polacos","status":"publish","type":"post","link":"https:\/\/www.polishscience.pl\/es\/primer-congreso-de-humanistas-polacos\/","title":{"rendered":"Primer Congreso de Humanistas Polacos"},"content":{"rendered":"<p><strong>Del 20 al 23 de abril de 2020, la Universidad de \u0141\u00f3d\u017a (U\u0141) organizar\u00e1 el Primer Congreso de Humanistas Polacos. Esta ser\u00e1 una reuni\u00f3n de cient\u00edficos polacos que representan todas las disciplinas y especialidades de humanidades.<\/strong><\/p>\n<p>Nos gustar\u00eda que esta reuni\u00f3n fuera un foro abierto para conversaciones, debates, intercambios de ideas y diversas posiciones para establecer el di\u00e1logo, as\u00ed como para provocar disputas y confrontar diferentes posiciones, y que deber\u00eda tener lugar cada dos a\u00f1os, informan los organizadores.<\/p>\n<p>El primer Congreso de Humanistas Polacos se llevar\u00e1 a cabo bajo el lema \u201cHumanidades en el siglo XXI\u201d, que alienta la revisi\u00f3n de las ideas m\u00e1s importantes de la investigaci\u00f3n en humanidades contempor\u00e1neas, as\u00ed como la identificaci\u00f3n y formulaci\u00f3n de las tendencias futuras m\u00e1s importantes. Las conferencias y paneles individuales, dirigidos por destacados representantes de disciplinas individuales, abordar\u00e1n, cuestiones interdisciplinarias en las humanidades, la importancia del lenguaje y la literatura en la nueva realidad social, el papel de los nuevos espacios (por ejemplo, el post) y el biohumanismo.<\/p>\n","protected":false},"excerpt":{"rendered":"<p>Del 20 al 23 de abril de 2020, la Universidad de \u0141\u00f3d\u017a (U\u0141) organizar\u00e1 el Primer Congreso de Humanistas Polacos. Esta ser\u00e1 una reuni\u00f3n de cient\u00edficos polacos que representan todas las disciplinas y especialidades de humanidades. Nos gustar\u00eda que esta reuni\u00f3n fuera un foro abierto para conversaciones, debates, intercambios de ideas y diversas posiciones para [&hellip;]<\/p>\n","protected":false},"author":6,"featured_media":0,"comment_status":"closed","ping_status":"closed","sticky":false,"template":"","format":"standard","meta":[],"categories":[77],"tags":[],"_links":{"self":[{"href":"https:\/\/www.polishscience.pl\/es\/wp-json\/wp\/v2\/posts\/114473"}],"collection":[{"href":"https:\/\/www.polishscience.pl\/es\/wp-json\/wp\/v2\/posts"}],"about":[{"href":"https:\/\/www.polishscience.pl\/es\/wp-json\/wp\/v2\/types\/post"}],"author":[{"embeddable":true,"href":"https:\/\/www.polishscience.pl\/es\/wp-json\/wp\/v2\/users\/6"}],"replies":[{"embeddable":true,"href":"https:\/\/www.polishscience.pl\/es\/wp-json\/wp\/v2\/comments?post=114473"}],"version-history":[{"count":0,"href":"https:\/\/www.polishscience.pl\/es\/wp-json\/wp\/v2\/posts\/114473\/revisions"}],"wp:attachment":[{"href":"https:\/\/www.polishscience.pl\/es\/wp-json\/wp\/v2\/media?parent=114473"}],"wp:term":[{"taxonomy":"category","embeddable":true,"href":"https:\/\/www.polishscience.pl\/es\/wp-json\/wp\/v2\/categories?post=114473"},{"taxonomy":"post_tag","embeddable":true,"href":"https:\/\/www.polishscience.pl\/es\/wp-json\/wp\/v2\/tags?post=114473"}],"curies":[{"name":"wp","href":"https:\/\/api.w.org\/{rel}","templated":true}]}}