{"id":113540,"date":"2020-02-04T13:01:15","date_gmt":"2020-02-04T12:01:15","guid":{"rendered":"http:\/\/polishscience.pl\/?p=113540"},"modified":"2020-02-04T14:12:59","modified_gmt":"2020-02-04T13:12:59","slug":"en-varsovia-tuvo-lugar-el-foro-para-el-estado-de-derecho","status":"publish","type":"post","link":"https:\/\/www.polishscience.pl\/es\/en-varsovia-tuvo-lugar-el-foro-para-el-estado-de-derecho\/","title":{"rendered":"El Foro para el Estado de Derecho en Varsovia"},"content":{"rendered":"<p><strong>Representantes de instituciones y comunidades legales y cient\u00edficas se reunieron el 31 de enero para discutir la reforma del sistema de justicia. La invitaci\u00f3n al di\u00e1logo fue emitida por la Academia Polaca de Ciencia (PAN), que organiz\u00f3 el evento en el Palacio Staszic.<\/strong><\/p>\n<p>\u00abCreo profundamente que podemos discutir de manera sustantiva y con respeto mutuo. Creo profundamente que nosotros, sentados hoy alrededor de la mesa, podemos avanzar en materia de estado de derecho \u00ab, dijo el presidente de la Academia Polaca de Ciencias, el Prof. Jerzy Duszy\u0144ski, dando la bienvenida a los participantes del Foro.<br \/>\nEntre los participantes del Foro estuvieron, entre otros, viceprimer ministro, ministro de ciencia y educaci\u00f3n superior Jaros\u0142aw Gowin y secretario de estado en la canciller\u00eda del presidente Pawe\u0142 Mucha.<\/p>\n<p>El Foro para el Estado de Derecho fue organizado por la Academia Polaca de Ciencias en cooperaci\u00f3n con la Academia de Artes y Ciencias de Polonia. El objetivo de la iniciativa es alentar a dialogar de manera sustantiva sobre la reforma judicial. Al mismo tiempo, es una respuesta a los llamamientos de la comunidad legal para una mesa redonda sobre el estado de derecho.<\/p>\n","protected":false},"excerpt":{"rendered":"<p>Representantes de instituciones y comunidades legales y cient\u00edficas se reunieron el 31 de enero para discutir la reforma del sistema de justicia. La invitaci\u00f3n al di\u00e1logo fue emitida por la Academia Polaca de Ciencia (PAN), que organiz\u00f3 el evento en el Palacio Staszic. \u00abCreo profundamente que podemos discutir de manera sustantiva y con respeto mutuo. [&hellip;]<\/p>\n","protected":false},"author":6,"featured_media":0,"comment_status":"closed","ping_status":"closed","sticky":false,"template":"","format":"standard","meta":[],"categories":[81],"tags":[],"_links":{"self":[{"href":"https:\/\/www.polishscience.pl\/es\/wp-json\/wp\/v2\/posts\/113540"}],"collection":[{"href":"https:\/\/www.polishscience.pl\/es\/wp-json\/wp\/v2\/posts"}],"about":[{"href":"https:\/\/www.polishscience.pl\/es\/wp-json\/wp\/v2\/types\/post"}],"author":[{"embeddable":true,"href":"https:\/\/www.polishscience.pl\/es\/wp-json\/wp\/v2\/users\/6"}],"replies":[{"embeddable":true,"href":"https:\/\/www.polishscience.pl\/es\/wp-json\/wp\/v2\/comments?post=113540"}],"version-history":[{"count":0,"href":"https:\/\/www.polishscience.pl\/es\/wp-json\/wp\/v2\/posts\/113540\/revisions"}],"wp:attachment":[{"href":"https:\/\/www.polishscience.pl\/es\/wp-json\/wp\/v2\/media?parent=113540"}],"wp:term":[{"taxonomy":"category","embeddable":true,"href":"https:\/\/www.polishscience.pl\/es\/wp-json\/wp\/v2\/categories?post=113540"},{"taxonomy":"post_tag","embeddable":true,"href":"https:\/\/www.polishscience.pl\/es\/wp-json\/wp\/v2\/tags?post=113540"}],"curies":[{"name":"wp","href":"https:\/\/api.w.org\/{rel}","templated":true}]}}