{"id":109048,"date":"2020-01-02T12:17:17","date_gmt":"2020-01-02T11:17:17","guid":{"rendered":"http:\/\/polishscience.pl\/?p=109048"},"modified":"2020-01-02T14:21:25","modified_gmt":"2020-01-02T13:21:25","slug":"conferencia-de-la-ofta-en-bialowieza","status":"publish","type":"post","link":"https:\/\/www.polishscience.pl\/es\/conferencia-de-la-ofta-en-bialowieza\/","title":{"rendered":"Conferencia de la OFTA en Bia\u0142owie\u017ca"},"content":{"rendered":"<p><strong>Del 27 al 31 de enero de 2020, Bia\u0142owie\u017ca acoger\u00e1 a conferencia OFTA 2020 \u2013 19th Conference on Optical Fibers and Their Applications. <\/strong><\/p>\n<p>El organizador de la conferencia OFTA en 2020 son la Facultad de Ingenier\u00eda El\u00e9ctrica de la Universidad Tecnol\u00f3gica de Bialystok y la Sociedad Polaca de Ingenier\u00eda El\u00e9ctrica Te\u00f3rica y Aplicada. El evento, adem\u00e1s del apoyo cient\u00edfico permanente de la Sociedad Fot\u00f3nica de Polonia (Photonics Society of Poland), est\u00e1 organizado bajo los auspicios de la Academia Polaca de Ciencias.<\/p>\n<p>Se trata de un evento c\u00edclico organizado cada a\u00f1o en distintos centros cient\u00edficos en Polonia que se ocupan de fibras \u00f3pticas y tecnolog\u00edas fot\u00f3nicas. Este ano, la Universidad Tecnol\u00f3gica de Bia\u0142ystok volver\u00e1 a ser el anfitri\u00f3n de la conferencia.<\/p>\n<p>La primera conferencia OFTA tuvo lugar en 1976. Cubre cuestiones relacionadas con aplicaciones y tecnolog\u00edas para la producci\u00f3n de varios tipos de fibras \u00f3pticas. Al evento asisten cient\u00edficos, representantes de empresas industriales, proveedores de equipos y operadores de telecomunicaciones que implementan cada vez m\u00e1s tecnolog\u00edas de fibra.<\/p>\n","protected":false},"excerpt":{"rendered":"<p>Del 27 al 31 de enero de 2020, Bia\u0142owie\u017ca acoger\u00e1 a conferencia OFTA 2020 \u2013 19th Conference on Optical Fibers and Their Applications. El organizador de la conferencia OFTA en 2020 son la Facultad de Ingenier\u00eda El\u00e9ctrica de la Universidad Tecnol\u00f3gica de Bialystok y la Sociedad Polaca de Ingenier\u00eda El\u00e9ctrica Te\u00f3rica y Aplicada. El evento, [&hellip;]<\/p>\n","protected":false},"author":6,"featured_media":0,"comment_status":"closed","ping_status":"closed","sticky":false,"template":"","format":"standard","meta":[],"categories":[74,81],"tags":[],"_links":{"self":[{"href":"https:\/\/www.polishscience.pl\/es\/wp-json\/wp\/v2\/posts\/109048"}],"collection":[{"href":"https:\/\/www.polishscience.pl\/es\/wp-json\/wp\/v2\/posts"}],"about":[{"href":"https:\/\/www.polishscience.pl\/es\/wp-json\/wp\/v2\/types\/post"}],"author":[{"embeddable":true,"href":"https:\/\/www.polishscience.pl\/es\/wp-json\/wp\/v2\/users\/6"}],"replies":[{"embeddable":true,"href":"https:\/\/www.polishscience.pl\/es\/wp-json\/wp\/v2\/comments?post=109048"}],"version-history":[{"count":0,"href":"https:\/\/www.polishscience.pl\/es\/wp-json\/wp\/v2\/posts\/109048\/revisions"}],"wp:attachment":[{"href":"https:\/\/www.polishscience.pl\/es\/wp-json\/wp\/v2\/media?parent=109048"}],"wp:term":[{"taxonomy":"category","embeddable":true,"href":"https:\/\/www.polishscience.pl\/es\/wp-json\/wp\/v2\/categories?post=109048"},{"taxonomy":"post_tag","embeddable":true,"href":"https:\/\/www.polishscience.pl\/es\/wp-json\/wp\/v2\/tags?post=109048"}],"curies":[{"name":"wp","href":"https:\/\/api.w.org\/{rel}","templated":true}]}}