{"id":109044,"date":"2020-01-02T12:01:41","date_gmt":"2020-01-02T11:01:41","guid":{"rendered":"http:\/\/polishscience.pl\/?p=109044"},"modified":"2020-01-02T14:07:44","modified_gmt":"2020-01-02T13:07:44","slug":"rzeszow-acogera-el-seminario-cientifico-feminidad-en-la-discapacidad","status":"publish","type":"post","link":"https:\/\/www.polishscience.pl\/es\/rzeszow-acogera-el-seminario-cientifico-feminidad-en-la-discapacidad\/","title":{"rendered":"Rzesz\u00f3w acoger\u00e1 el seminario cient\u00edfico \u00abFeminidad en la discapacidad\u00bb"},"content":{"rendered":"<p><strong>El Instituto de Pedagog\u00eda de la Universidad de Rzesz\u00f3w y el Departamento de Pedagog\u00eda de la Universidad de Varsovia invitan a un seminario cient\u00edfico sobre estudios de discapacidad \u00abFeminidad en la discapacidad\u00bb, que tendr\u00e1 lugar el 25 de enero de 2020 en Rzesz\u00f3w.<\/strong><\/p>\n<p>Las consecuencias sociales y culturales de los cambios que tienen lugar en el mundo han sido ampliamente reconocidas por la comunidad cient\u00edfica durante a\u00f1os. Actualmente, parece particularmente importante reformular el concepto establecido de discapacidad, trat\u00e1ndolo como una tragedia personal. El nuevo paradigma de discapacidad enfatiza la dimensi\u00f3n social y enfatiza los derechos de las personas con discapacidad a la libertad y la diversidad. A\u00fan as\u00ed, el espacio que requiere atenci\u00f3n es el tema de la feminidad, la masculinidad, el atractivo, las relaciones y el amor de las personas con discapacidad, informan los organizadores del seminario.<\/p>\n<p>El evento ir\u00e1 acompa\u00f1ado de una exposici\u00f3n de fotograf\u00edas de Tamara Pie\u0144ko de la serie \u00abGratitude\u00bb, que forma parte del proyecto bajo el mismo t\u00edtulo llevado a cabo con la Dra. Alicja D\u0142ugo\u0142\u0119ka. La idea del proyecto \u00abGratitud\u00bb es mostrar a una mujer y su corporeidad y emociones. La parte cient\u00edfica ser\u00e1 un panel de discusi\u00f3n con representantes de la comunidad cient\u00edfica y cultural.<\/p>\n","protected":false},"excerpt":{"rendered":"<p>El Instituto de Pedagog\u00eda de la Universidad de Rzesz\u00f3w y el Departamento de Pedagog\u00eda de la Universidad de Varsovia invitan a un seminario cient\u00edfico sobre estudios de discapacidad \u00abFeminidad en la discapacidad\u00bb, que tendr\u00e1 lugar el 25 de enero de 2020 en Rzesz\u00f3w. Las consecuencias sociales y culturales de los cambios que tienen lugar en [&hellip;]<\/p>\n","protected":false},"author":6,"featured_media":0,"comment_status":"closed","ping_status":"closed","sticky":false,"template":"","format":"standard","meta":[],"categories":[81],"tags":[],"_links":{"self":[{"href":"https:\/\/www.polishscience.pl\/es\/wp-json\/wp\/v2\/posts\/109044"}],"collection":[{"href":"https:\/\/www.polishscience.pl\/es\/wp-json\/wp\/v2\/posts"}],"about":[{"href":"https:\/\/www.polishscience.pl\/es\/wp-json\/wp\/v2\/types\/post"}],"author":[{"embeddable":true,"href":"https:\/\/www.polishscience.pl\/es\/wp-json\/wp\/v2\/users\/6"}],"replies":[{"embeddable":true,"href":"https:\/\/www.polishscience.pl\/es\/wp-json\/wp\/v2\/comments?post=109044"}],"version-history":[{"count":0,"href":"https:\/\/www.polishscience.pl\/es\/wp-json\/wp\/v2\/posts\/109044\/revisions"}],"wp:attachment":[{"href":"https:\/\/www.polishscience.pl\/es\/wp-json\/wp\/v2\/media?parent=109044"}],"wp:term":[{"taxonomy":"category","embeddable":true,"href":"https:\/\/www.polishscience.pl\/es\/wp-json\/wp\/v2\/categories?post=109044"},{"taxonomy":"post_tag","embeddable":true,"href":"https:\/\/www.polishscience.pl\/es\/wp-json\/wp\/v2\/tags?post=109044"}],"curies":[{"name":"wp","href":"https:\/\/api.w.org\/{rel}","templated":true}]}}