{"id":99913,"date":"2019-10-28T14:12:41","date_gmt":"2019-10-28T13:12:41","guid":{"rendered":"http:\/\/polishscience.pl\/?p=99913"},"modified":"2019-10-28T14:12:41","modified_gmt":"2019-10-28T13:12:41","slug":"historische-konferenz-an-der-technischen-universitaet-rzeszow","status":"publish","type":"post","link":"https:\/\/www.polishscience.pl\/de\/historische-konferenz-an-der-technischen-universitaet-rzeszow\/","title":{"rendered":"Historische Konferenz an der Technischen Universit\u00e4t Rzesz\u00f3w"},"content":{"rendered":"<p><strong>Vom 23. bis zum 25. Oktober 2019 hat die wissenschaftliche Konferenz \u201eSobald wir erst einmal an der Macht sind\u2026 Anf\u00e4nge des kommunistischen Systems in Polen 1944-1947\u201c, die von der Technischen Universit\u00e4t Rzesz\u00f3w und dem B\u00fcro f\u00fcr Historische Forschung des Instituts f\u00fcr Nationales Gedenken in Rzesz\u00f3w organisiert wurde, stattgefunden.<\/strong><\/p>\n<p>Wir bem\u00fchen uns, historische Elemente, die mit unserer Identit\u00e4t und j\u00fcngerer Gesichte verbunden sind, Studierenden zu pr\u00e4sentieren oder wissenschaftliche Treffen dieser Art vorzuschlagen. Dies ist nicht die erste Initiative dieser Art, an der wir uns beteiligen \u2013 hat bei der Er\u00f6ffnung der Veranstaltung Prof. Grzegorz Ostasz, Prorektor f\u00fcr internationale Zusammenarbeit der Technischen Universit\u00e4t Rzesz\u00f3w festgestellt.<\/p>\n<p>An der Konferenz haben u.a. Bogus\u0142aw Buda, Vorsitzender der Regionalen Sektion f\u00fcr Ausbildung und Erziehung der Unabh\u00e4ngigen Selbstverwalteten Gewerkschaft &#8222;Solidarno\u015b\u0107&#8220;, Beata Micha\u0142uszko, Direktorin der Woiwodschaftsbibliothek f\u00fcr P\u00e4dagogik in Rzesz\u00f3w und Obst. Mariusz Stopa, Chef des Woiwodschaftsmilit\u00e4rstabs Rzesz\u00f3w teilgenommen.<\/p>\n","protected":false},"excerpt":{"rendered":"<p>Vom 23. bis zum 25. Oktober 2019 hat die wissenschaftliche Konferenz \u201eSobald wir erst einmal an der Macht sind\u2026 Anf\u00e4nge des kommunistischen Systems in Polen 1944-1947\u201c, die von der Technischen Universit\u00e4t Rzesz\u00f3w und dem B\u00fcro f\u00fcr Historische Forschung des Instituts f\u00fcr Nationales Gedenken in Rzesz\u00f3w organisiert wurde, stattgefunden. Wir bem\u00fchen uns, historische Elemente, die mit [&hellip;]<\/p>\n","protected":false},"author":9,"featured_media":0,"comment_status":"closed","ping_status":"closed","sticky":false,"template":"","format":"standard","meta":[],"categories":[61,65],"tags":[],"_links":{"self":[{"href":"https:\/\/www.polishscience.pl\/de\/wp-json\/wp\/v2\/posts\/99913"}],"collection":[{"href":"https:\/\/www.polishscience.pl\/de\/wp-json\/wp\/v2\/posts"}],"about":[{"href":"https:\/\/www.polishscience.pl\/de\/wp-json\/wp\/v2\/types\/post"}],"author":[{"embeddable":true,"href":"https:\/\/www.polishscience.pl\/de\/wp-json\/wp\/v2\/users\/9"}],"replies":[{"embeddable":true,"href":"https:\/\/www.polishscience.pl\/de\/wp-json\/wp\/v2\/comments?post=99913"}],"version-history":[{"count":0,"href":"https:\/\/www.polishscience.pl\/de\/wp-json\/wp\/v2\/posts\/99913\/revisions"}],"wp:attachment":[{"href":"https:\/\/www.polishscience.pl\/de\/wp-json\/wp\/v2\/media?parent=99913"}],"wp:term":[{"taxonomy":"category","embeddable":true,"href":"https:\/\/www.polishscience.pl\/de\/wp-json\/wp\/v2\/categories?post=99913"},{"taxonomy":"post_tag","embeddable":true,"href":"https:\/\/www.polishscience.pl\/de\/wp-json\/wp\/v2\/tags?post=99913"}],"curies":[{"name":"wp","href":"https:\/\/api.w.org\/{rel}","templated":true}]}}