{"id":98528,"date":"2019-10-16T14:28:22","date_gmt":"2019-10-16T12:28:22","guid":{"rendered":"http:\/\/polishscience.pl\/?p=98528"},"modified":"2019-10-16T14:28:22","modified_gmt":"2019-10-16T12:28:22","slug":"praesident-polens-auf-der-eroeffnung-des-akademischen-jahres-an-der-kardinal-stefan-wyszynski-universitaet","status":"publish","type":"post","link":"https:\/\/www.polishscience.pl\/de\/praesident-polens-auf-der-eroeffnung-des-akademischen-jahres-an-der-kardinal-stefan-wyszynski-universitaet\/","title":{"rendered":"Pr\u00e4sident Polens auf der Er\u00f6ffnung des akademischen Jahres an der Kardinal-Stefan-Wyszy\u0144ski-Universit\u00e4t"},"content":{"rendered":"<p><strong>Diese Universit\u00e4t diente immer den Werten, an die ich gebunden war und in den ich erzogen wurde \u2013 hat Pr\u00e4sident Polens Andrzej Duda w\u00e4hrend der Er\u00f6ffnung des akademischen Jahres an der Kardinal-Stefan-Wyszy\u0144ski-Universit\u00e4t Warschau festgestellt.<\/strong><\/p>\n<p>Die diesj\u00e4hrigen Feierlichkeiten hatten einen besonderen Charakter wegen des 20. Jahrestages der Gr\u00fcndung dieser Universit\u00e4t, die auf der Basis der vor 65 Jahren berufenen Akademie der Katholischen Theologie entstanden ist.<\/p>\n<p>Neben dem Pr\u00e4sidenten Polens haben an der Er\u00f6ffnung des akademischen Jahres die Vertreter der Regierung mit dem Gesundheitsministers \u0141ukasz Szumowski, Mitglieder des Parlaments, das Diplomatische Korps mit dem apostolischen Nuntius Erzb. Salvatore Pennacchio, Vertreter der Polnischen Bischofskonferenz mit dem Gro\u00dfen Kanzler der Kardinal-Stefan-Wyszy\u0144ski-Universit\u00e4t Kardinal Kazimierz Nycz, Leitungen der Warschauer Hochschulen, Vertreter der Selbstverwaltung, der Wissenschafts- und Kulturinstitutionen teilgenommen.<\/p>\n","protected":false},"excerpt":{"rendered":"<p>Diese Universit\u00e4t diente immer den Werten, an die ich gebunden war und in den ich erzogen wurde \u2013 hat Pr\u00e4sident Polens Andrzej Duda w\u00e4hrend der Er\u00f6ffnung des akademischen Jahres an der Kardinal-Stefan-Wyszy\u0144ski-Universit\u00e4t Warschau festgestellt. Die diesj\u00e4hrigen Feierlichkeiten hatten einen besonderen Charakter wegen des 20. Jahrestages der Gr\u00fcndung dieser Universit\u00e4t, die auf der Basis der vor [&hellip;]<\/p>\n","protected":false},"author":9,"featured_media":0,"comment_status":"closed","ping_status":"closed","sticky":false,"template":"","format":"standard","meta":[],"categories":[59],"tags":[],"_links":{"self":[{"href":"https:\/\/www.polishscience.pl\/de\/wp-json\/wp\/v2\/posts\/98528"}],"collection":[{"href":"https:\/\/www.polishscience.pl\/de\/wp-json\/wp\/v2\/posts"}],"about":[{"href":"https:\/\/www.polishscience.pl\/de\/wp-json\/wp\/v2\/types\/post"}],"author":[{"embeddable":true,"href":"https:\/\/www.polishscience.pl\/de\/wp-json\/wp\/v2\/users\/9"}],"replies":[{"embeddable":true,"href":"https:\/\/www.polishscience.pl\/de\/wp-json\/wp\/v2\/comments?post=98528"}],"version-history":[{"count":0,"href":"https:\/\/www.polishscience.pl\/de\/wp-json\/wp\/v2\/posts\/98528\/revisions"}],"wp:attachment":[{"href":"https:\/\/www.polishscience.pl\/de\/wp-json\/wp\/v2\/media?parent=98528"}],"wp:term":[{"taxonomy":"category","embeddable":true,"href":"https:\/\/www.polishscience.pl\/de\/wp-json\/wp\/v2\/categories?post=98528"},{"taxonomy":"post_tag","embeddable":true,"href":"https:\/\/www.polishscience.pl\/de\/wp-json\/wp\/v2\/tags?post=98528"}],"curies":[{"name":"wp","href":"https:\/\/api.w.org\/{rel}","templated":true}]}}