{"id":98367,"date":"2019-10-15T14:00:38","date_gmt":"2019-10-15T12:00:38","guid":{"rendered":"http:\/\/polishscience.pl\/?p=98367"},"modified":"2019-10-15T14:25:49","modified_gmt":"2019-10-15T12:25:49","slug":"stellvertretender-ministerpraesident-gowin-sagt-die-erhoehung-der-aufwendungen-fuer-geisteswissenschaften-an","status":"publish","type":"post","link":"https:\/\/www.polishscience.pl\/de\/stellvertretender-ministerpraesident-gowin-sagt-die-erhoehung-der-aufwendungen-fuer-geisteswissenschaften-an\/","title":{"rendered":"Stellvertretender Ministerpr\u00e4sident Gowin sagt die Erh\u00f6hung der Aufwendungen f\u00fcr Geisteswissenschaften an"},"content":{"rendered":"<p><strong>Wir m\u00fcssen nach L\u00f6sungen suchen, die neuen Impuls den polnischen Geisteswissenschaften geben werden \u2013 so hat \u00fcber die Annahmen des \u201ePaktes f\u00fcr die polnischen Geisteswissenschaften\u201c der stellvertretende Ministerpr\u00e4sident, Minister f\u00fcr Wissenschaft und Hochschulbildung Jraos\u0142aw Gowin im Radio Lublin gesprochen.<\/strong><\/p>\n<p>Nach der Meinung des stellvertretenden Ministerpr\u00e4sidenten Gowin kann als so ein Impuls die Erh\u00f6hung der Gesamtaufwendungen f\u00fcr Geisteswissenschaften betrachtet werden.<\/p>\n<p>Dies ist aber nicht unumstritten \u2013 erkl\u00e4rte Jaros\u0142aw Gowin. Wir haben das Nationale Wissenschaftszentrum, das die hochwertige Forschung finanziert. Als ich vor zwei Jahren dem Rat des Nationalen Wissenschaftszentrums vorgeschlagen habe, die Mittel f\u00fcr Stipendien im Bereich der Geisteswissenschaften zu erh\u00f6hen, h\u00f6rte ich, dass dies keine gute Idee ist, denn es werden zu wenig hochklassige Projekte angemeldet, um gr\u00f6\u00dfere Betrage verteilen zu k\u00f6nnen. Man muss also dar\u00fcber nachdenken, was polnischen Geisteswissenschaftlern die F\u00fchrung der Forschung auf solchem Niveau, das dem Nationalen Wissenschaftszentrum die deutliche Erh\u00f6hung der Zahl der geisteswissenschaftlichen Stipendien erm\u00f6glichen w\u00fcrde, erschwert \u2013 f\u00fcgte Gowin hinzu.<\/p>\n","protected":false},"excerpt":{"rendered":"<p>Wir m\u00fcssen nach L\u00f6sungen suchen, die neuen Impuls den polnischen Geisteswissenschaften geben werden \u2013 so hat \u00fcber die Annahmen des \u201ePaktes f\u00fcr die polnischen Geisteswissenschaften\u201c der stellvertretende Ministerpr\u00e4sident, Minister f\u00fcr Wissenschaft und Hochschulbildung Jraos\u0142aw Gowin im Radio Lublin gesprochen. Nach der Meinung des stellvertretenden Ministerpr\u00e4sidenten Gowin kann als so ein Impuls die Erh\u00f6hung der Gesamtaufwendungen [&hellip;]<\/p>\n","protected":false},"author":9,"featured_media":0,"comment_status":"closed","ping_status":"closed","sticky":false,"template":"","format":"standard","meta":[],"categories":[61],"tags":[],"_links":{"self":[{"href":"https:\/\/www.polishscience.pl\/de\/wp-json\/wp\/v2\/posts\/98367"}],"collection":[{"href":"https:\/\/www.polishscience.pl\/de\/wp-json\/wp\/v2\/posts"}],"about":[{"href":"https:\/\/www.polishscience.pl\/de\/wp-json\/wp\/v2\/types\/post"}],"author":[{"embeddable":true,"href":"https:\/\/www.polishscience.pl\/de\/wp-json\/wp\/v2\/users\/9"}],"replies":[{"embeddable":true,"href":"https:\/\/www.polishscience.pl\/de\/wp-json\/wp\/v2\/comments?post=98367"}],"version-history":[{"count":0,"href":"https:\/\/www.polishscience.pl\/de\/wp-json\/wp\/v2\/posts\/98367\/revisions"}],"wp:attachment":[{"href":"https:\/\/www.polishscience.pl\/de\/wp-json\/wp\/v2\/media?parent=98367"}],"wp:term":[{"taxonomy":"category","embeddable":true,"href":"https:\/\/www.polishscience.pl\/de\/wp-json\/wp\/v2\/categories?post=98367"},{"taxonomy":"post_tag","embeddable":true,"href":"https:\/\/www.polishscience.pl\/de\/wp-json\/wp\/v2\/tags?post=98367"}],"curies":[{"name":"wp","href":"https:\/\/api.w.org\/{rel}","templated":true}]}}