{"id":98361,"date":"2019-10-15T14:25:44","date_gmt":"2019-10-15T12:25:44","guid":{"rendered":"http:\/\/polishscience.pl\/?p=98361"},"modified":"2019-10-15T14:25:44","modified_gmt":"2019-10-15T12:25:44","slug":"technische-universitaet-lodz-wird-das-5g-kompetenzzentrum-gruenden","status":"publish","type":"post","link":"https:\/\/www.polishscience.pl\/de\/technische-universitaet-lodz-wird-das-5g-kompetenzzentrum-gruenden\/","title":{"rendered":"Technische Universit\u00e4t \u0141\u00f3d\u017a wird das 5G-Kompetenzzentrum gr\u00fcnden"},"content":{"rendered":"<p><strong>Die Woiwodschaft \u0141\u00f3d\u017a wird der Technischen Universit\u00e4t \u0141\u00f3d\u017a eine Finanzhilfe in H\u00f6he von 750 Tausend PLN f\u00fcr die Einrichtung des 5G-Kompetenzzentrums sowie f\u00fcr die Entwicklung des 5G-Informations- und Kommunikationsportals gew\u00e4hren. <\/strong><\/p>\n<p>Bei der Unterzeichnung des Vertrags hat der Rektor der Technischen Universit\u00e4t \u0141\u00f3d\u017a Prof. S\u0142awomir Wiak betont, dass in der Region \u0141\u00f3d\u017a mehrere Spezialisten im ICT-Cluster vereinigt sind und die Vorbereitungsarbeiten im Bereich des Kompetenzzentrums und des Wissensportals schon sehr fortgeschritten sind.<\/p>\n<p>Wie die Technische Universit\u00e4t \u0141\u00f3d\u017a informiert, hat man schon ein Team der Experten, darunter Autorit\u00e4ten aus dem Ausland und Vertreter der Firmen, ausgew\u00e4hlt und einen Raum f\u00fcr den Bau der informatischen Infrastruktur gew\u00e4hlt. Die Technische Universit\u00e4t \u0141\u00f3d\u017a wird 250 Tausend PLN \u00a0der Eigenmittel f\u00fcr dieses Ziel bestimmen.<\/p>\n","protected":false},"excerpt":{"rendered":"<p>Die Woiwodschaft \u0141\u00f3d\u017a wird der Technischen Universit\u00e4t \u0141\u00f3d\u017a eine Finanzhilfe in H\u00f6he von 750 Tausend PLN f\u00fcr die Einrichtung des 5G-Kompetenzzentrums sowie f\u00fcr die Entwicklung des 5G-Informations- und Kommunikationsportals gew\u00e4hren. Bei der Unterzeichnung des Vertrags hat der Rektor der Technischen Universit\u00e4t \u0141\u00f3d\u017a Prof. S\u0142awomir Wiak betont, dass in der Region \u0141\u00f3d\u017a mehrere Spezialisten im ICT-Cluster [&hellip;]<\/p>\n","protected":false},"author":9,"featured_media":0,"comment_status":"closed","ping_status":"closed","sticky":false,"template":"","format":"standard","meta":[],"categories":[59],"tags":[],"_links":{"self":[{"href":"https:\/\/www.polishscience.pl\/de\/wp-json\/wp\/v2\/posts\/98361"}],"collection":[{"href":"https:\/\/www.polishscience.pl\/de\/wp-json\/wp\/v2\/posts"}],"about":[{"href":"https:\/\/www.polishscience.pl\/de\/wp-json\/wp\/v2\/types\/post"}],"author":[{"embeddable":true,"href":"https:\/\/www.polishscience.pl\/de\/wp-json\/wp\/v2\/users\/9"}],"replies":[{"embeddable":true,"href":"https:\/\/www.polishscience.pl\/de\/wp-json\/wp\/v2\/comments?post=98361"}],"version-history":[{"count":0,"href":"https:\/\/www.polishscience.pl\/de\/wp-json\/wp\/v2\/posts\/98361\/revisions"}],"wp:attachment":[{"href":"https:\/\/www.polishscience.pl\/de\/wp-json\/wp\/v2\/media?parent=98361"}],"wp:term":[{"taxonomy":"category","embeddable":true,"href":"https:\/\/www.polishscience.pl\/de\/wp-json\/wp\/v2\/categories?post=98361"},{"taxonomy":"post_tag","embeddable":true,"href":"https:\/\/www.polishscience.pl\/de\/wp-json\/wp\/v2\/tags?post=98361"}],"curies":[{"name":"wp","href":"https:\/\/api.w.org\/{rel}","templated":true}]}}