{"id":98093,"date":"2019-10-14T13:02:28","date_gmt":"2019-10-14T11:02:28","guid":{"rendered":"http:\/\/polishscience.pl\/?p=98093"},"modified":"2019-10-14T13:02:28","modified_gmt":"2019-10-14T11:02:28","slug":"gesamtpolnische-interdisziplinaere-konferenz-neuroakademie-in-lublin","status":"publish","type":"post","link":"https:\/\/www.polishscience.pl\/de\/gesamtpolnische-interdisziplinaere-konferenz-neuroakademie-in-lublin\/","title":{"rendered":"Gesamtpolnische Interdisziplin\u00e4re Konferenz NeuroAkademie in Lublin"},"content":{"rendered":"<p><strong>Die Technische Universit\u00e4t Lublin, die Maria-Sk\u0142odowska-Curie-Universit\u00e4t Lublin und die Medizinische Universit\u00e4t Lublin organisieren am 28. November 2019 die 1. Gesamtpolnische Interdisziplin\u00e4re Konferenz \u201eNeuroAkademie \u2013 Plattform f\u00fcr Wissensaustausch zwischen jungen \u201cNeurowissenschaftlern\u201c.<\/strong><\/p>\n<p>Die Veranstaltung ist an Studierende und Doktoranden gerichtet, die die Forschung im Bereich der breit verstandenen Neurowissenschaften durchf\u00fchren \u2013 sowohl passive als auch aktive Teilnehmer.<\/p>\n<p>Die Organisatoren hoffen, dass der Austausch des Wissens aus unterschiedlichen Wissensbereichen die Findung von Inspiration und Aufnahme der Kontakte erm\u00f6glichen wird, was zur Entstehung von neuen Forschungsprojekten und zur Berufung von neuen interdisziplin\u00e4ren Forscherteams f\u00fchren wird.<\/p>\n<p>Die Organisatoren sehen zwei Preise f\u00fcr aktive Teilnehmer vor: den Sonderpreis f\u00fcr den besten Auftritt sowie den zus\u00e4tzlichen Preis f\u00fcr die Person, die den zweiten Platz erreichen wird.<\/p>\n","protected":false},"excerpt":{"rendered":"<p>Die Technische Universit\u00e4t Lublin, die Maria-Sk\u0142odowska-Curie-Universit\u00e4t Lublin und die Medizinische Universit\u00e4t Lublin organisieren am 28. November 2019 die 1. Gesamtpolnische Interdisziplin\u00e4re Konferenz \u201eNeuroAkademie \u2013 Plattform f\u00fcr Wissensaustausch zwischen jungen \u201cNeurowissenschaftlern\u201c. Die Veranstaltung ist an Studierende und Doktoranden gerichtet, die die Forschung im Bereich der breit verstandenen Neurowissenschaften durchf\u00fchren \u2013 sowohl passive als auch aktive Teilnehmer. [&hellip;]<\/p>\n","protected":false},"author":9,"featured_media":0,"comment_status":"closed","ping_status":"closed","sticky":false,"template":"","format":"standard","meta":[],"categories":[65],"tags":[],"_links":{"self":[{"href":"https:\/\/www.polishscience.pl\/de\/wp-json\/wp\/v2\/posts\/98093"}],"collection":[{"href":"https:\/\/www.polishscience.pl\/de\/wp-json\/wp\/v2\/posts"}],"about":[{"href":"https:\/\/www.polishscience.pl\/de\/wp-json\/wp\/v2\/types\/post"}],"author":[{"embeddable":true,"href":"https:\/\/www.polishscience.pl\/de\/wp-json\/wp\/v2\/users\/9"}],"replies":[{"embeddable":true,"href":"https:\/\/www.polishscience.pl\/de\/wp-json\/wp\/v2\/comments?post=98093"}],"version-history":[{"count":0,"href":"https:\/\/www.polishscience.pl\/de\/wp-json\/wp\/v2\/posts\/98093\/revisions"}],"wp:attachment":[{"href":"https:\/\/www.polishscience.pl\/de\/wp-json\/wp\/v2\/media?parent=98093"}],"wp:term":[{"taxonomy":"category","embeddable":true,"href":"https:\/\/www.polishscience.pl\/de\/wp-json\/wp\/v2\/categories?post=98093"},{"taxonomy":"post_tag","embeddable":true,"href":"https:\/\/www.polishscience.pl\/de\/wp-json\/wp\/v2\/tags?post=98093"}],"curies":[{"name":"wp","href":"https:\/\/api.w.org\/{rel}","templated":true}]}}