{"id":97633,"date":"2019-10-10T15:21:14","date_gmt":"2019-10-10T13:21:14","guid":{"rendered":"http:\/\/polishscience.pl\/?p=97633"},"modified":"2019-10-10T16:21:57","modified_gmt":"2019-10-10T14:21:57","slug":"konferenz-gedenkstaetten-gesichte-tourismus-an-der-universitaet-danzig","status":"publish","type":"post","link":"https:\/\/www.polishscience.pl\/de\/konferenz-gedenkstaetten-gesichte-tourismus-an-der-universitaet-danzig\/","title":{"rendered":"Konferenz \u201eGedenkst\u00e4tten \u2013 Gesichte \u2013 Tourismus\u201d an der Universit\u00e4t Danzig"},"content":{"rendered":"<p><strong>Das Labor f\u00fcr Landeskunde und Historischen Tourismus des Instituts f\u00fcr Geschichte der Universit\u00e4t Danzig und die Historiographische Gesellschaft laden am 17. und 18. Oktober zu der internationalen touristisch-landeskundlichen und historiographischen Konferenz \u201eGedenkst\u00e4tten \u2013 Gesichte \u2013 Tourismus\u201d ein.<\/strong><\/p>\n<p>An der Konferenz werden 29 Vertreter der unterschiedlichen Wissenschaftsdisziplinen, u.a. der Geschichte, der Kunstgeschichte, der Literaturwissenschaft und der Arch\u00e4ologie teilnehmen. Die G\u00e4ste werden wissenschaftliche Einrichtungen aus Polen und aus dem Ausland \u2013 u.a. Posen, Lublin, Warschau, Toru\u0144, Vilnius, Lemberg, Kiew und Charkiw vertreten.<\/p>\n<p>Das Leitthema des Treffens soll die mit den Gedenkst\u00e4tten \u2013 ihrer Geschichte und der Auswirkung auf den Tourismus verbundene Problematik sein. Basierend auf den bisherigen Leistungen der Wissenschaft und in Anerkennung des Beitrags mehrerer Wissenschaftler m\u00f6chten wir den Bereich der Forschung erweitern, die Untersuchungen aus unterschiedlichen Disziplinen und Bereichen verbinden und ihnen komplement\u00e4ren Charakter verleihen \u2013 sagen die Organisatoren an.<\/p>\n","protected":false},"excerpt":{"rendered":"<p>Das Labor f\u00fcr Landeskunde und Historischen Tourismus des Instituts f\u00fcr Geschichte der Universit\u00e4t Danzig und die Historiographische Gesellschaft laden am 17. und 18. Oktober zu der internationalen touristisch-landeskundlichen und historiographischen Konferenz \u201eGedenkst\u00e4tten \u2013 Gesichte \u2013 Tourismus\u201d ein. An der Konferenz werden 29 Vertreter der unterschiedlichen Wissenschaftsdisziplinen, u.a. der Geschichte, der Kunstgeschichte, der Literaturwissenschaft und der [&hellip;]<\/p>\n","protected":false},"author":9,"featured_media":0,"comment_status":"closed","ping_status":"closed","sticky":false,"template":"","format":"standard","meta":[],"categories":[61,65],"tags":[],"_links":{"self":[{"href":"https:\/\/www.polishscience.pl\/de\/wp-json\/wp\/v2\/posts\/97633"}],"collection":[{"href":"https:\/\/www.polishscience.pl\/de\/wp-json\/wp\/v2\/posts"}],"about":[{"href":"https:\/\/www.polishscience.pl\/de\/wp-json\/wp\/v2\/types\/post"}],"author":[{"embeddable":true,"href":"https:\/\/www.polishscience.pl\/de\/wp-json\/wp\/v2\/users\/9"}],"replies":[{"embeddable":true,"href":"https:\/\/www.polishscience.pl\/de\/wp-json\/wp\/v2\/comments?post=97633"}],"version-history":[{"count":0,"href":"https:\/\/www.polishscience.pl\/de\/wp-json\/wp\/v2\/posts\/97633\/revisions"}],"wp:attachment":[{"href":"https:\/\/www.polishscience.pl\/de\/wp-json\/wp\/v2\/media?parent=97633"}],"wp:term":[{"taxonomy":"category","embeddable":true,"href":"https:\/\/www.polishscience.pl\/de\/wp-json\/wp\/v2\/categories?post=97633"},{"taxonomy":"post_tag","embeddable":true,"href":"https:\/\/www.polishscience.pl\/de\/wp-json\/wp\/v2\/tags?post=97633"}],"curies":[{"name":"wp","href":"https:\/\/api.w.org\/{rel}","templated":true}]}}