{"id":96977,"date":"2019-10-07T15:04:04","date_gmt":"2019-10-07T13:04:04","guid":{"rendered":"http:\/\/polishscience.pl\/?p=96977"},"modified":"2019-10-07T16:34:38","modified_gmt":"2019-10-07T14:34:38","slug":"festival-der-katholischen-soziallehre-in-warschau","status":"publish","type":"post","link":"https:\/\/www.polishscience.pl\/de\/festival-der-katholischen-soziallehre-in-warschau\/","title":{"rendered":"Festival der Katholischen Soziallehre in Warschau"},"content":{"rendered":"<p><strong>Die dritte Auflage des Festivals der Katholischen Soziallehre wird am 18. und 19. Oktober 2019 im Primas-Palast in Warschau stattfinden. Das Ziel der Veranstaltung ist die F\u00f6rderung der Soziallehre der Kirche unter Personen, die aktiv am lokalen und wirtschaftlichen Leben teilnehmen sowie in den Bereichen der Sozialwirtschaft und der Bildung t\u00e4tig sind.<\/strong><\/p>\n<p>Im Programm des Festivals der Katholischen Soziallehre sind Expertendebatten und Themenworkshops geplant.<\/p>\n<p>Die erste Debatte mit dem Titel \u201eDie Fackel oder der Maulkorb der Bildung?\u201c wird am Freitag, dem 18. Oktober stattfinden. An der Debatte werden Pf. Prof. Piotr Mazurkiewicz von der Kardinal-Stefan-Wyszy\u0144ski-Universit\u00e4t Warschau, Red. Jan Wr\u00f3bel (Radio TOK FM), die Leiterin der Schulaufsichtsbeh\u00f6rde von Kleinpolen Barbara Nowak und Moderator der Diskussion Red. Jan Pospieszalski teilnehmen.<\/p>\n<p>Am Samstag, dem 19. Oktober werden an der zweiten Debatte mit dem Titel \u201eMade in Poland. Etikett oder Flicken? Pf. Prof. Krzysztof Kietli\u0144ski (Kardinal-Stefan-Wyszy\u0144ski-Universit\u00e4t Warschau), Pr\u00e4sident der Polnischen Wirtschaftsgesellschaft Tomasz Janik, Vorsitzender der Stiftung \u201eFundacja Republika\u0144ska\u201c Marek Wr\u00f3bel und der stellvertretende Vorstandsvorsitzende der Gruppe INCO S.A. Dr. Andrzej Pawlak teilnehmen. Die Diskussion wird Red. Micha\u0142 Szu\u0142drzy\u0144ski (Tageszeitung \u201eRzeczpospolita\u201c) moderieren.<\/p>\n","protected":false},"excerpt":{"rendered":"<p>Die dritte Auflage des Festivals der Katholischen Soziallehre wird am 18. und 19. Oktober 2019 im Primas-Palast in Warschau stattfinden. Das Ziel der Veranstaltung ist die F\u00f6rderung der Soziallehre der Kirche unter Personen, die aktiv am lokalen und wirtschaftlichen Leben teilnehmen sowie in den Bereichen der Sozialwirtschaft und der Bildung t\u00e4tig sind. Im Programm des [&hellip;]<\/p>\n","protected":false},"author":9,"featured_media":0,"comment_status":"closed","ping_status":"closed","sticky":false,"template":"","format":"standard","meta":[],"categories":[65],"tags":[],"_links":{"self":[{"href":"https:\/\/www.polishscience.pl\/de\/wp-json\/wp\/v2\/posts\/96977"}],"collection":[{"href":"https:\/\/www.polishscience.pl\/de\/wp-json\/wp\/v2\/posts"}],"about":[{"href":"https:\/\/www.polishscience.pl\/de\/wp-json\/wp\/v2\/types\/post"}],"author":[{"embeddable":true,"href":"https:\/\/www.polishscience.pl\/de\/wp-json\/wp\/v2\/users\/9"}],"replies":[{"embeddable":true,"href":"https:\/\/www.polishscience.pl\/de\/wp-json\/wp\/v2\/comments?post=96977"}],"version-history":[{"count":0,"href":"https:\/\/www.polishscience.pl\/de\/wp-json\/wp\/v2\/posts\/96977\/revisions"}],"wp:attachment":[{"href":"https:\/\/www.polishscience.pl\/de\/wp-json\/wp\/v2\/media?parent=96977"}],"wp:term":[{"taxonomy":"category","embeddable":true,"href":"https:\/\/www.polishscience.pl\/de\/wp-json\/wp\/v2\/categories?post=96977"},{"taxonomy":"post_tag","embeddable":true,"href":"https:\/\/www.polishscience.pl\/de\/wp-json\/wp\/v2\/tags?post=96977"}],"curies":[{"name":"wp","href":"https:\/\/api.w.org\/{rel}","templated":true}]}}