{"id":96568,"date":"2019-10-03T16:56:14","date_gmt":"2019-10-03T14:56:14","guid":{"rendered":"http:\/\/polishscience.pl\/?p=96568"},"modified":"2019-10-03T16:56:14","modified_gmt":"2019-10-03T14:56:14","slug":"dr-piotr-mysiak-als-mitglied-der-versammlung-des-missionsausschusses-fuer-die-anpassung-an-den-klimawandel","status":"publish","type":"post","link":"https:\/\/www.polishscience.pl\/de\/dr-piotr-mysiak-als-mitglied-der-versammlung-des-missionsausschusses-fuer-die-anpassung-an-den-klimawandel\/","title":{"rendered":"Dr. Piotr Mysiak als Mitglied der Versammlung des Missionsausschusses f\u00fcr die Anpassung an den Klimawandel"},"content":{"rendered":"<p><strong>Dr. Piotr Mysiak \u2013 Prodekan f\u00fcr Qualit\u00e4t der Wissenschaft und der Bildung der Fakult\u00e4t f\u00fcr Recht und Verwaltung der Universit\u00e4t Zielona G\u00f3ra wurde zum Mitglied der Versammlung des Missionsausschusses f\u00fcr die Anpassung an den Klimawandel (Mission Assembly for Adaptation to Climate Change, including Societal Transformation) \u2013 teilt die Universit\u00e4t mit.<\/strong><\/p>\n<p>Die Versammlung ist ein Nebenorgan einer der f\u00fcnf europ\u00e4ischen Forschungs- und Innovationsmissionen, die ein Teil des Programms Horizont Europa sind. Dies ist die Nachlese der Ma\u00dfnahmen des EU-Kommissars f\u00fcr Forschung, Wissenschaft und Innovation Carlos Moedas, der w\u00e4hrend der informellen Sitzung der EU-Ministerrates f\u00fcr Forschung bekannt gegeben hat, welche Missionsaussch\u00fcsse (mission boards) gegr\u00fcndet werden.<\/p>\n<p>In der Perspektive des Programms Horizont Europa sollen sich die Mission Boards mit der Suche nach und Entwicklung auf der Expertenebene von L\u00f6sungen f\u00fcr die Probleme \u2013Herausforderungen globaler Natur wie Tumorkrankheiten, Klimawandel, gesunde Ozeane, klimaneutrale St\u00e4dte, gesunder Boden und gesunde Lebensmittel besch\u00e4ftigen.<\/p>\n","protected":false},"excerpt":{"rendered":"<p>Dr. Piotr Mysiak \u2013 Prodekan f\u00fcr Qualit\u00e4t der Wissenschaft und der Bildung der Fakult\u00e4t f\u00fcr Recht und Verwaltung der Universit\u00e4t Zielona G\u00f3ra wurde zum Mitglied der Versammlung des Missionsausschusses f\u00fcr die Anpassung an den Klimawandel (Mission Assembly for Adaptation to Climate Change, including Societal Transformation) \u2013 teilt die Universit\u00e4t mit. Die Versammlung ist ein Nebenorgan [&hellip;]<\/p>\n","protected":false},"author":9,"featured_media":0,"comment_status":"closed","ping_status":"closed","sticky":false,"template":"","format":"standard","meta":[],"categories":[65],"tags":[],"_links":{"self":[{"href":"https:\/\/www.polishscience.pl\/de\/wp-json\/wp\/v2\/posts\/96568"}],"collection":[{"href":"https:\/\/www.polishscience.pl\/de\/wp-json\/wp\/v2\/posts"}],"about":[{"href":"https:\/\/www.polishscience.pl\/de\/wp-json\/wp\/v2\/types\/post"}],"author":[{"embeddable":true,"href":"https:\/\/www.polishscience.pl\/de\/wp-json\/wp\/v2\/users\/9"}],"replies":[{"embeddable":true,"href":"https:\/\/www.polishscience.pl\/de\/wp-json\/wp\/v2\/comments?post=96568"}],"version-history":[{"count":0,"href":"https:\/\/www.polishscience.pl\/de\/wp-json\/wp\/v2\/posts\/96568\/revisions"}],"wp:attachment":[{"href":"https:\/\/www.polishscience.pl\/de\/wp-json\/wp\/v2\/media?parent=96568"}],"wp:term":[{"taxonomy":"category","embeddable":true,"href":"https:\/\/www.polishscience.pl\/de\/wp-json\/wp\/v2\/categories?post=96568"},{"taxonomy":"post_tag","embeddable":true,"href":"https:\/\/www.polishscience.pl\/de\/wp-json\/wp\/v2\/tags?post=96568"}],"curies":[{"name":"wp","href":"https:\/\/api.w.org\/{rel}","templated":true}]}}