{"id":96311,"date":"2019-10-02T12:37:52","date_gmt":"2019-10-02T10:37:52","guid":{"rendered":"http:\/\/polishscience.pl\/?p=96311"},"modified":"2019-10-02T13:38:42","modified_gmt":"2019-10-02T11:38:42","slug":"konferenz-klimawandel-in-polen","status":"publish","type":"post","link":"https:\/\/www.polishscience.pl\/de\/konferenz-klimawandel-in-polen\/","title":{"rendered":"Konferenz \u201eKlimawandel in Polen\u201d"},"content":{"rendered":"<p><strong>Die Polnische Akademie der Wissenschaften und das Informationszentrum der Vereinten Nationen (UN) Warschau laden zu der Konferenz \u201eKlimawandel in Polen\u201c, die am 23. Oktober 2019 in der Bibliothek der Universit\u00e4t Warschau stattfinden wird, ein.<\/strong><\/p>\n<p>Die Organisatoren betonen, dass die Teilnehmer der Debatte nach der Antwort auf folgende Fragen suchen werden: Wozu kann die globale Erw\u00e4rmung f\u00fchren? Wie beeinflusst sie unseres Leben? Welchen Einfluss wird sie auf die Migration haben? Werden Fl\u00fcsse in 30 Jahren austrocknen? Werden wir Trinkwasser haben? Wie wird sich die Natur ver\u00e4ndern? Was sagen dazu Politiker und Business?<\/p>\n<p>Eine Einf\u00fchrung zu der Konferenz wird Prof. Szymon Malinowski von der Fakult\u00e4t f\u00fcr Physik der Universit\u00e4t Warschau, der mit der Thematik der globalen Erw\u00e4rmung besprechen wird, machen.<\/p>\n<p>An den Podiumsdiskussionen werden u.a.: Henryk Kowalczyk, der Umweltminister, Jadwiga Emilewicz, Ministerin f\u00fcr Unternehmertum und Technologie, Dr. Micha\u0142 Kurtyka, der stellvertretende Umweltminister, Rafa\u0142 Trzaskowski, Pr\u00e4sident von Warschau, Dr. Paloma Cuchi, Direktor des B\u00fcros der Weltgesundheitsorganisation (WHO) in Polen teilnehmen.<\/p>\n","protected":false},"excerpt":{"rendered":"<p>Die Polnische Akademie der Wissenschaften und das Informationszentrum der Vereinten Nationen (UN) Warschau laden zu der Konferenz \u201eKlimawandel in Polen\u201c, die am 23. Oktober 2019 in der Bibliothek der Universit\u00e4t Warschau stattfinden wird, ein. Die Organisatoren betonen, dass die Teilnehmer der Debatte nach der Antwort auf folgende Fragen suchen werden: Wozu kann die globale Erw\u00e4rmung [&hellip;]<\/p>\n","protected":false},"author":9,"featured_media":0,"comment_status":"closed","ping_status":"closed","sticky":false,"template":"","format":"standard","meta":[],"categories":[65],"tags":[],"_links":{"self":[{"href":"https:\/\/www.polishscience.pl\/de\/wp-json\/wp\/v2\/posts\/96311"}],"collection":[{"href":"https:\/\/www.polishscience.pl\/de\/wp-json\/wp\/v2\/posts"}],"about":[{"href":"https:\/\/www.polishscience.pl\/de\/wp-json\/wp\/v2\/types\/post"}],"author":[{"embeddable":true,"href":"https:\/\/www.polishscience.pl\/de\/wp-json\/wp\/v2\/users\/9"}],"replies":[{"embeddable":true,"href":"https:\/\/www.polishscience.pl\/de\/wp-json\/wp\/v2\/comments?post=96311"}],"version-history":[{"count":0,"href":"https:\/\/www.polishscience.pl\/de\/wp-json\/wp\/v2\/posts\/96311\/revisions"}],"wp:attachment":[{"href":"https:\/\/www.polishscience.pl\/de\/wp-json\/wp\/v2\/media?parent=96311"}],"wp:term":[{"taxonomy":"category","embeddable":true,"href":"https:\/\/www.polishscience.pl\/de\/wp-json\/wp\/v2\/categories?post=96311"},{"taxonomy":"post_tag","embeddable":true,"href":"https:\/\/www.polishscience.pl\/de\/wp-json\/wp\/v2\/tags?post=96311"}],"curies":[{"name":"wp","href":"https:\/\/api.w.org\/{rel}","templated":true}]}}