{"id":95181,"date":"2019-09-24T15:46:42","date_gmt":"2019-09-24T13:46:42","guid":{"rendered":"http:\/\/polishscience.pl\/?p=95181"},"modified":"2019-09-24T15:46:42","modified_gmt":"2019-09-24T13:46:42","slug":"kongress-fuer-osteuropa-initiativen-in-lublin","status":"publish","type":"post","link":"https:\/\/www.polishscience.pl\/de\/kongress-fuer-osteuropa-initiativen-in-lublin\/","title":{"rendered":"Kongress f\u00fcr Osteuropa-Initiativen in Lublin"},"content":{"rendered":"<p><strong>In Lublin dauert bis zum 24. September 2019 der Kongress f\u00fcr Osteuropa-Initiativen. Die Veranstaltung wird vom Zentrum f\u00fcr Osteuropa und der Fakult\u00e4t f\u00fcr Politologie der Maria-Sk\u0142odowska-Curie-Universit\u00e4t, dem Institut f\u00fcr Mitteleuropa und dem Institut f\u00fcr Politikwissenschaften und Internationale Angelegenheiten der Katholischen Universit\u00e4t Lublin organisiert.<\/strong><\/p>\n<p>Die diesj\u00e4hrige 8. Auflage des Kongresses ist den besonderen Ereignissen und ihrer Rolle in unserer gegenw\u00e4rtigen Wirklichkeit gewidmet.<\/p>\n<p>Zu diesen Ereignissen geh\u00f6ren laut Aneta Adamska, Pressesprecherin der Maria-Sk\u0142odowska-Curie-Universit\u00e4t: der 450. Jahrestag der polnisch-litauischen Union sog. Union von Lublin, 15. Jahrestag des Beitritts Polens zu der Europ\u00e4ischen Union, 20. Jahrestag der Mitgliedschaft in NATO und der 30. Jahrestag der demokratischen Wandlungen im Mitteleuropa.<\/p>\n<p>Dies ist ein guter Ausgangspunkt zur Debatte \u00fcber die Zukunft des gegenw\u00e4rtigen Europas, ihre Identit\u00e4t, Herausforderungen, mit denen man zurechtkommen muss, sowie \u00fcber den Bedarf der tieferen Integration und Zusammenarbeit \u2013 f\u00fcgt die Pressesprecherin der Universit\u00e4t hinzu.<\/p>\n<p>Ein wichtiger Teil des Kongresses sind auch Diskussionen \u00fcber wirtschaftliche Beziehungen, regionale Partnerschaften, transnationale und regionale Zusammenarbeit.<\/p>\n","protected":false},"excerpt":{"rendered":"<p>In Lublin dauert bis zum 24. September 2019 der Kongress f\u00fcr Osteuropa-Initiativen. Die Veranstaltung wird vom Zentrum f\u00fcr Osteuropa und der Fakult\u00e4t f\u00fcr Politologie der Maria-Sk\u0142odowska-Curie-Universit\u00e4t, dem Institut f\u00fcr Mitteleuropa und dem Institut f\u00fcr Politikwissenschaften und Internationale Angelegenheiten der Katholischen Universit\u00e4t Lublin organisiert. Die diesj\u00e4hrige 8. Auflage des Kongresses ist den besonderen Ereignissen und ihrer [&hellip;]<\/p>\n","protected":false},"author":9,"featured_media":0,"comment_status":"closed","ping_status":"closed","sticky":false,"template":"","format":"standard","meta":[],"categories":[65],"tags":[],"_links":{"self":[{"href":"https:\/\/www.polishscience.pl\/de\/wp-json\/wp\/v2\/posts\/95181"}],"collection":[{"href":"https:\/\/www.polishscience.pl\/de\/wp-json\/wp\/v2\/posts"}],"about":[{"href":"https:\/\/www.polishscience.pl\/de\/wp-json\/wp\/v2\/types\/post"}],"author":[{"embeddable":true,"href":"https:\/\/www.polishscience.pl\/de\/wp-json\/wp\/v2\/users\/9"}],"replies":[{"embeddable":true,"href":"https:\/\/www.polishscience.pl\/de\/wp-json\/wp\/v2\/comments?post=95181"}],"version-history":[{"count":0,"href":"https:\/\/www.polishscience.pl\/de\/wp-json\/wp\/v2\/posts\/95181\/revisions"}],"wp:attachment":[{"href":"https:\/\/www.polishscience.pl\/de\/wp-json\/wp\/v2\/media?parent=95181"}],"wp:term":[{"taxonomy":"category","embeddable":true,"href":"https:\/\/www.polishscience.pl\/de\/wp-json\/wp\/v2\/categories?post=95181"},{"taxonomy":"post_tag","embeddable":true,"href":"https:\/\/www.polishscience.pl\/de\/wp-json\/wp\/v2\/tags?post=95181"}],"curies":[{"name":"wp","href":"https:\/\/api.w.org\/{rel}","templated":true}]}}