{"id":94810,"date":"2019-09-20T12:12:14","date_gmt":"2019-09-20T10:12:14","guid":{"rendered":"http:\/\/polishscience.pl\/?p=94810"},"modified":"2019-09-20T12:12:14","modified_gmt":"2019-09-20T10:12:14","slug":"25-jahre-der-fakultaet-fuer-management-an-der-universitaet-lodz","status":"publish","type":"post","link":"https:\/\/www.polishscience.pl\/de\/25-jahre-der-fakultaet-fuer-management-an-der-universitaet-lodz\/","title":{"rendered":"25 Jahre der Fakult\u00e4t f\u00fcr Management an der Universit\u00e4t \u0141\u00f3d\u017a"},"content":{"rendered":"<p><strong>Am Dienstag, dem 24. September 2019 wird die Fakult\u00e4t f\u00fcr Management an der Universit\u00e4t \u0141\u00f3d\u017a den 25. Jahrestag ihrer Entstehung feiern. Um 11 Uhr wird die feierliche Sitzung des Fakult\u00e4tsrates stattfinden, die mit der Benennung der Aula A3 nach Prof. Zofia Miko\u0142ajczyk, Mitbegr\u00fcnderin der polnischen Schule der Managementwissenschaften, verbunden sein wird.<\/strong><\/p>\n<p>Der wichtigste Punkt der Jubil\u00e4umsfeier ist eine Gala, die mit der feierlichen Sitzung des Fakult\u00e4tsrates verbunden sein wird. W\u00e4hrend dieser Sitzung wird man der repr\u00e4sentativen Aula A3 den Namen von Prof. Zofia Miko\u0142ajczyk \u2013 langj\u00e4hriger Leiterin des Lehrstuhls f\u00fcr Organisation und F\u00fchrung und danach des Lehrstuhls f\u00fcr Management an der Universit\u00e4t \u0141\u00f3d\u017a, Mitglied des Komitees f\u00fcr Organisations- und Managementwissenschaften der Polnischen Akademie der Wissenschaften, Mitbegr\u00fcnderin der polnischen Schule der Managementwissenschaften, anerkannter Spezialistin im Bereich der Managementmethoden und -techniken sowie des \u00c4nderungsmanagements geben \u2013 informiert Marta G\u00f3recka von der Fakult\u00e4t f\u00fcr Management der Universit\u00e4t \u0141\u00f3d\u017a.<\/p>\n<p>Derzeit umfasst die Fakult\u00e4t neun Lehrst\u00fchle und bildet fast vier Tausend Studierende in achtzehn Studieng\u00e4ngen. Seit 12 Jahren besitzt sie die wissenschaftliche Kategorie A. Die Fakult\u00e4t f\u00fcr Management ist auch eine von den gefragtesten unter Studienkandidaten.<\/p>\n","protected":false},"excerpt":{"rendered":"<p>Am Dienstag, dem 24. September 2019 wird die Fakult\u00e4t f\u00fcr Management an der Universit\u00e4t \u0141\u00f3d\u017a den 25. Jahrestag ihrer Entstehung feiern. Um 11 Uhr wird die feierliche Sitzung des Fakult\u00e4tsrates stattfinden, die mit der Benennung der Aula A3 nach Prof. Zofia Miko\u0142ajczyk, Mitbegr\u00fcnderin der polnischen Schule der Managementwissenschaften, verbunden sein wird. Der wichtigste Punkt der [&hellip;]<\/p>\n","protected":false},"author":9,"featured_media":0,"comment_status":"closed","ping_status":"closed","sticky":false,"template":"","format":"standard","meta":[],"categories":[59,65],"tags":[],"_links":{"self":[{"href":"https:\/\/www.polishscience.pl\/de\/wp-json\/wp\/v2\/posts\/94810"}],"collection":[{"href":"https:\/\/www.polishscience.pl\/de\/wp-json\/wp\/v2\/posts"}],"about":[{"href":"https:\/\/www.polishscience.pl\/de\/wp-json\/wp\/v2\/types\/post"}],"author":[{"embeddable":true,"href":"https:\/\/www.polishscience.pl\/de\/wp-json\/wp\/v2\/users\/9"}],"replies":[{"embeddable":true,"href":"https:\/\/www.polishscience.pl\/de\/wp-json\/wp\/v2\/comments?post=94810"}],"version-history":[{"count":0,"href":"https:\/\/www.polishscience.pl\/de\/wp-json\/wp\/v2\/posts\/94810\/revisions"}],"wp:attachment":[{"href":"https:\/\/www.polishscience.pl\/de\/wp-json\/wp\/v2\/media?parent=94810"}],"wp:term":[{"taxonomy":"category","embeddable":true,"href":"https:\/\/www.polishscience.pl\/de\/wp-json\/wp\/v2\/categories?post=94810"},{"taxonomy":"post_tag","embeddable":true,"href":"https:\/\/www.polishscience.pl\/de\/wp-json\/wp\/v2\/tags?post=94810"}],"curies":[{"name":"wp","href":"https:\/\/api.w.org\/{rel}","templated":true}]}}