{"id":94596,"date":"2019-09-19T16:58:17","date_gmt":"2019-09-19T14:58:17","guid":{"rendered":"http:\/\/polishscience.pl\/?p=94596"},"modified":"2019-09-19T16:58:17","modified_gmt":"2019-09-19T14:58:17","slug":"offener-tag-im-astronomischen-nikolaus-kopernikus-zentrum-der-polnischen-akademie-der-wissenschaften","status":"publish","type":"post","link":"https:\/\/www.polishscience.pl\/de\/offener-tag-im-astronomischen-nikolaus-kopernikus-zentrum-der-polnischen-akademie-der-wissenschaften\/","title":{"rendered":"Offener Tag im Astronomischen Nikolaus-Kopernikus-Zentrum der Polnischen Akademie der Wissenschaften"},"content":{"rendered":"<p><strong>Am Sonntag, dem 22. September 2019 wird in Warschau der Offene Tag im Astronomischen Nikolaus-Kopernikus-Zentrum der Polnischen Akademie der Wissenschaften stattfinden. Neben den Vortr\u00e4gen sind auch Freilichtveranstaltungen und Workshops f\u00fcr Kinder geplant.<\/strong><\/p>\n<p>Die Vortr\u00e4ge werden mit dem Auftritt von Marek Abramowicz \u00fcber die erste in der Geschichte Aufnahme des Schwarzen Loches beginnen. Danach wird Krzysztof Nalewajko einen Vortrag mit dem Titel \u201eGespenst des Universums\u201c halten. Micha\u0142 Bejger wird dagegen \u00fcber die Astrophysik der Gravitationswelle erz\u00e4hlen. Wojciech Pych wird den Vortrag \u201ePolnisches Observatorium in Chile\u201c pr\u00e4sentieren.<\/p>\n<p>Die Mitarbeiter des Astronomischen Nikolaus-Kopernikus-Zentrums der Polnischen Akademie der Wissenschaften werden die Kinder zu der Suche nach dem astronomischen Wissen in Form von Spielen einladen.<\/p>\n<p>Wir werden Mondkrater aus der Salzmasse bauen, die Oberfl\u00e4che des Mondes mithilfe von magnetischen Puzzles kennen lernen und eine Uhr der Mondphasen bauen. Sie werden auch die Tierkreiszeichen kennen lernen und ein Modell des Sonnensystems aus Plastilin bauen. F\u00fcr Beharrliche schlagen wir eine Exkursion auf den Mond, einzigartige astronomische Puzzles sowie R\u00e4tsel und Bilderr\u00e4tsel vor \u2013 teilt die Polnische Akademie der Wissenschaften mit.<\/p>\n","protected":false},"excerpt":{"rendered":"<p>Am Sonntag, dem 22. September 2019 wird in Warschau der Offene Tag im Astronomischen Nikolaus-Kopernikus-Zentrum der Polnischen Akademie der Wissenschaften stattfinden. Neben den Vortr\u00e4gen sind auch Freilichtveranstaltungen und Workshops f\u00fcr Kinder geplant. Die Vortr\u00e4ge werden mit dem Auftritt von Marek Abramowicz \u00fcber die erste in der Geschichte Aufnahme des Schwarzen Loches beginnen. Danach wird Krzysztof [&hellip;]<\/p>\n","protected":false},"author":9,"featured_media":0,"comment_status":"closed","ping_status":"closed","sticky":false,"template":"","format":"standard","meta":[],"categories":[65],"tags":[],"_links":{"self":[{"href":"https:\/\/www.polishscience.pl\/de\/wp-json\/wp\/v2\/posts\/94596"}],"collection":[{"href":"https:\/\/www.polishscience.pl\/de\/wp-json\/wp\/v2\/posts"}],"about":[{"href":"https:\/\/www.polishscience.pl\/de\/wp-json\/wp\/v2\/types\/post"}],"author":[{"embeddable":true,"href":"https:\/\/www.polishscience.pl\/de\/wp-json\/wp\/v2\/users\/9"}],"replies":[{"embeddable":true,"href":"https:\/\/www.polishscience.pl\/de\/wp-json\/wp\/v2\/comments?post=94596"}],"version-history":[{"count":0,"href":"https:\/\/www.polishscience.pl\/de\/wp-json\/wp\/v2\/posts\/94596\/revisions"}],"wp:attachment":[{"href":"https:\/\/www.polishscience.pl\/de\/wp-json\/wp\/v2\/media?parent=94596"}],"wp:term":[{"taxonomy":"category","embeddable":true,"href":"https:\/\/www.polishscience.pl\/de\/wp-json\/wp\/v2\/categories?post=94596"},{"taxonomy":"post_tag","embeddable":true,"href":"https:\/\/www.polishscience.pl\/de\/wp-json\/wp\/v2\/tags?post=94596"}],"curies":[{"name":"wp","href":"https:\/\/api.w.org\/{rel}","templated":true}]}}