{"id":94427,"date":"2019-09-18T14:55:37","date_gmt":"2019-09-18T12:55:37","guid":{"rendered":"http:\/\/polishscience.pl\/?p=94427"},"modified":"2019-09-18T14:55:37","modified_gmt":"2019-09-18T12:55:37","slug":"konferenz-und-sitzung-der-kommission-fuer-religioese-sprache-des-internationalen-kongresses-fuer-slawisten","status":"publish","type":"post","link":"https:\/\/www.polishscience.pl\/de\/konferenz-und-sitzung-der-kommission-fuer-religioese-sprache-des-internationalen-kongresses-fuer-slawisten\/","title":{"rendered":"Konferenz und Sitzung der Kommission f\u00fcr religi\u00f6se Sprache des Internationalen Kongresses f\u00fcr Slawisten"},"content":{"rendered":"<p><strong>Am 19. und 20. September 2019 zu der internationalen Konferenz mit dem Titel \u201eReligion und Stil\u201c ein. Im Rahmen der Konferenz wird auch die Sitzung der Kommission f\u00fcr die religi\u00f6se Sprache des Internationalen Kongresses f\u00fcr stattfinden \u2013 liest man auf der Internetseite der Universit\u00e4t.<\/strong><\/p>\n<p>Im Programm sind Auftritte von 50 Referenten \u2013 Sprach-, Literatur-, Kulturwissenschaftlern und Theologen von f\u00fcnf ausl\u00e4ndischen Einrichtungen (China, Tschechien, Russland, Serbien, Slowakei) sowie ein paar polnischen Zentren (Krakau, Lublin, Oppeln, Toru\u0144, Warschau).<\/p>\n<p>Ein wichtiger Teil der Konferenz wird die Sitzung der Kommission f\u00fcr die religi\u00f6se Sprache des Internationalen Kongresses f\u00fcr Slawisten sein, zu der Wissenschaftler aus Polen und aus dem Ausland kommen werden. Die Kommission, die aus 37 Experten besteht, wird die Rahmen und detaillierte Ziele der gemeinsamen Forschung \u00fcber diese Dialekten der einzelnen Landessprachen, die den mit der Religion verbundenen Bereich der Kultur bedienen, definieren.<\/p>\n<p>Mehr: <a href=\"http:\/\/www.uni.opole.pl\/page\/3057\/miedzynarodowa-konferencja-naukowa-religia-i-styl\">http:\/\/www.uni.opole.pl\/page\/3057\/miedzynarodowa-konferencja-naukowa-religia-i-styl<\/a><\/p>\n","protected":false},"excerpt":{"rendered":"<p>Am 19. und 20. September 2019 zu der internationalen Konferenz mit dem Titel \u201eReligion und Stil\u201c ein. Im Rahmen der Konferenz wird auch die Sitzung der Kommission f\u00fcr die religi\u00f6se Sprache des Internationalen Kongresses f\u00fcr stattfinden \u2013 liest man auf der Internetseite der Universit\u00e4t. Im Programm sind Auftritte von 50 Referenten \u2013 Sprach-, Literatur-, Kulturwissenschaftlern [&hellip;]<\/p>\n","protected":false},"author":9,"featured_media":0,"comment_status":"closed","ping_status":"closed","sticky":false,"template":"","format":"standard","meta":[],"categories":[61,65],"tags":[],"_links":{"self":[{"href":"https:\/\/www.polishscience.pl\/de\/wp-json\/wp\/v2\/posts\/94427"}],"collection":[{"href":"https:\/\/www.polishscience.pl\/de\/wp-json\/wp\/v2\/posts"}],"about":[{"href":"https:\/\/www.polishscience.pl\/de\/wp-json\/wp\/v2\/types\/post"}],"author":[{"embeddable":true,"href":"https:\/\/www.polishscience.pl\/de\/wp-json\/wp\/v2\/users\/9"}],"replies":[{"embeddable":true,"href":"https:\/\/www.polishscience.pl\/de\/wp-json\/wp\/v2\/comments?post=94427"}],"version-history":[{"count":0,"href":"https:\/\/www.polishscience.pl\/de\/wp-json\/wp\/v2\/posts\/94427\/revisions"}],"wp:attachment":[{"href":"https:\/\/www.polishscience.pl\/de\/wp-json\/wp\/v2\/media?parent=94427"}],"wp:term":[{"taxonomy":"category","embeddable":true,"href":"https:\/\/www.polishscience.pl\/de\/wp-json\/wp\/v2\/categories?post=94427"},{"taxonomy":"post_tag","embeddable":true,"href":"https:\/\/www.polishscience.pl\/de\/wp-json\/wp\/v2\/tags?post=94427"}],"curies":[{"name":"wp","href":"https:\/\/api.w.org\/{rel}","templated":true}]}}