{"id":94242,"date":"2019-09-17T13:50:38","date_gmt":"2019-09-17T11:50:38","guid":{"rendered":"http:\/\/polishscience.pl\/?p=94242"},"modified":"2019-09-17T13:50:38","modified_gmt":"2019-09-17T11:50:38","slug":"20-allgemeine-tagung-der-polnischen-historiker-in-lublin","status":"publish","type":"post","link":"https:\/\/www.polishscience.pl\/de\/20-allgemeine-tagung-der-polnischen-historiker-in-lublin\/","title":{"rendered":"20. Allgemeine Tagung der Polnischen Historiker in Lublin"},"content":{"rendered":"<p><strong>Vom 18. bis zum 20. September wird in Lublin die 20. Allgemeine Tagung der Polnischen Historiker unter der Schirmherrschaft des Pr\u00e4sidenten Polens Andrzej Duda stattfinden.<\/strong><\/p>\n<p>Die einzelnen Punkte des Programms der 20. Allgemeinen Tagung der Polnischen Historiker werden im Zentrum der Begegnung von Kulturen, im Konferenzzentrum Lublin und in der Arena Lublin, sowie im Saal des Fakult\u00e4tsrates der Fakult\u00e4t f\u00fcr Geisteswissenschaften der Maria-Sk\u0142odowska-Curie-Universit\u00e4t und an der Katholischen Universit\u00e4t Lublin stattfinden. Die Organisatoren sagen an, dass die Veranstaltung mehr als 800 Wissenschaftler, Lehrer und Studierende aus Polen und dem Ausland anziehen wird.<\/p>\n<p>Im Programm der diesj\u00e4hrigen Tagung sind u.a. Debatten und Diskussionen der Wissenschaftler in 9 Sektionen und 5 Themenpanelen sowie eine Postersitzung f\u00fcr Doktoranden. \u00a0Hervorzuheben sind neben anderen die Debatte \u00fcber die Union von Lublin, an der ausschlie\u00dflich ausl\u00e4ndische Gespr\u00e4chspartner teilnehmen werden, Diskussion \u00fcber die Geschichte Polens aus der Perspektive der Frauen sowie \u2013 zum Abschluss \u2013 Debatte dar\u00fcber, welche Geschichte die Polen heutzutage brauchen.<\/p>\n","protected":false},"excerpt":{"rendered":"<p>Vom 18. bis zum 20. September wird in Lublin die 20. Allgemeine Tagung der Polnischen Historiker unter der Schirmherrschaft des Pr\u00e4sidenten Polens Andrzej Duda stattfinden. Die einzelnen Punkte des Programms der 20. Allgemeinen Tagung der Polnischen Historiker werden im Zentrum der Begegnung von Kulturen, im Konferenzzentrum Lublin und in der Arena Lublin, sowie im Saal [&hellip;]<\/p>\n","protected":false},"author":9,"featured_media":0,"comment_status":"closed","ping_status":"closed","sticky":false,"template":"","format":"standard","meta":[],"categories":[61,65],"tags":[],"_links":{"self":[{"href":"https:\/\/www.polishscience.pl\/de\/wp-json\/wp\/v2\/posts\/94242"}],"collection":[{"href":"https:\/\/www.polishscience.pl\/de\/wp-json\/wp\/v2\/posts"}],"about":[{"href":"https:\/\/www.polishscience.pl\/de\/wp-json\/wp\/v2\/types\/post"}],"author":[{"embeddable":true,"href":"https:\/\/www.polishscience.pl\/de\/wp-json\/wp\/v2\/users\/9"}],"replies":[{"embeddable":true,"href":"https:\/\/www.polishscience.pl\/de\/wp-json\/wp\/v2\/comments?post=94242"}],"version-history":[{"count":0,"href":"https:\/\/www.polishscience.pl\/de\/wp-json\/wp\/v2\/posts\/94242\/revisions"}],"wp:attachment":[{"href":"https:\/\/www.polishscience.pl\/de\/wp-json\/wp\/v2\/media?parent=94242"}],"wp:term":[{"taxonomy":"category","embeddable":true,"href":"https:\/\/www.polishscience.pl\/de\/wp-json\/wp\/v2\/categories?post=94242"},{"taxonomy":"post_tag","embeddable":true,"href":"https:\/\/www.polishscience.pl\/de\/wp-json\/wp\/v2\/tags?post=94242"}],"curies":[{"name":"wp","href":"https:\/\/api.w.org\/{rel}","templated":true}]}}