{"id":93300,"date":"2019-09-11T12:26:43","date_gmt":"2019-09-11T10:26:43","guid":{"rendered":"http:\/\/polishscience.pl\/?p=93300"},"modified":"2019-09-11T15:26:53","modified_gmt":"2019-09-11T13:26:53","slug":"konferenz-ueber-die-zukunft-der-polnischen-wirtschaftsuniversitaeten","status":"publish","type":"post","link":"https:\/\/www.polishscience.pl\/de\/konferenz-ueber-die-zukunft-der-polnischen-wirtschaftsuniversitaeten\/","title":{"rendered":"Konferenz \u00fcber die Zukunft der polnischen Wirtschaftsuniversit\u00e4ten"},"content":{"rendered":"<p><strong>Die Wirtschaftsuniversit\u00e4t Krakau l\u00e4dt am 12. September zu einer Konferenz, die das Projekt \u201eWege der Anpassung der Wirtschaftsuniversit\u00e4ten an die Ver\u00e4nderungen im System der Wissenschaft und Hochschulbildung\u201c zusammenfassen wird, ein. Seine Teilnahme an der Konferenz hat der Minister f\u00fcr Wissenschaft und Hochschulbildung Dr. Jaros\u0142aw Gowin angek\u00fcndigt \u2013 teilt die Universit\u00e4t mit.<\/strong><\/p>\n<p>Das Projekt \u201eWege der Anpassung der Wirtschaftsuniversit\u00e4ten an die Ver\u00e4nderungen im System der Wissenschaft und Hochschulbildung\u201c wird im Rahmen des Programms des Ministers f\u00fcr Wissenschaft und Hochschulbildung \u201eDIALOG\u201c finanziert und im Rahmen der Partnerschaft der wichtigsten\u00a0 Wirtschaftsuniversit\u00e4ten in Polen, zu der\u00a0 Wirtschaftsuniversit\u00e4ten aus Krakau, Kattowitz, Posen und Breslau sowie die\u00a0 Wirtschaftsuniversit\u00e4t Warschau (SGH) geh\u00f6ren, durchgef\u00fchrt.<\/p>\n<p>Die Konferenz wird eine Gelegenheit zum Kennenlernen der Diagnose der Situation an den polnischen Wirtschaftsuniversit\u00e4ten und der vor ihnen stehenden Herausforderungen, die mit der Notwendigkeit, sich an Ver\u00e4nderungen anzupassen, verbunden sind, sein.<\/p>\n<p>Mehr: <a href=\"https:\/\/www.ue.katowice.pl\/no_cache\/pracownicy\/nauka-i-biznes\/article\/konferencja-nt-przyszlosci-polskich-uczelni-ekonomicznych.html\">https:\/\/www.ue.katowice.pl\/no_cache\/pracownicy\/nauka-i-biznes\/article\/konferencja-nt-przyszlosci-polskich-uczelni-ekonomicznych.html<\/a><\/p>\n","protected":false},"excerpt":{"rendered":"<p>Die Wirtschaftsuniversit\u00e4t Krakau l\u00e4dt am 12. September zu einer Konferenz, die das Projekt \u201eWege der Anpassung der Wirtschaftsuniversit\u00e4ten an die Ver\u00e4nderungen im System der Wissenschaft und Hochschulbildung\u201c zusammenfassen wird, ein. Seine Teilnahme an der Konferenz hat der Minister f\u00fcr Wissenschaft und Hochschulbildung Dr. Jaros\u0142aw Gowin angek\u00fcndigt \u2013 teilt die Universit\u00e4t mit. Das Projekt \u201eWege der [&hellip;]<\/p>\n","protected":false},"author":9,"featured_media":0,"comment_status":"closed","ping_status":"closed","sticky":false,"template":"","format":"standard","meta":[],"categories":[65],"tags":[],"_links":{"self":[{"href":"https:\/\/www.polishscience.pl\/de\/wp-json\/wp\/v2\/posts\/93300"}],"collection":[{"href":"https:\/\/www.polishscience.pl\/de\/wp-json\/wp\/v2\/posts"}],"about":[{"href":"https:\/\/www.polishscience.pl\/de\/wp-json\/wp\/v2\/types\/post"}],"author":[{"embeddable":true,"href":"https:\/\/www.polishscience.pl\/de\/wp-json\/wp\/v2\/users\/9"}],"replies":[{"embeddable":true,"href":"https:\/\/www.polishscience.pl\/de\/wp-json\/wp\/v2\/comments?post=93300"}],"version-history":[{"count":0,"href":"https:\/\/www.polishscience.pl\/de\/wp-json\/wp\/v2\/posts\/93300\/revisions"}],"wp:attachment":[{"href":"https:\/\/www.polishscience.pl\/de\/wp-json\/wp\/v2\/media?parent=93300"}],"wp:term":[{"taxonomy":"category","embeddable":true,"href":"https:\/\/www.polishscience.pl\/de\/wp-json\/wp\/v2\/categories?post=93300"},{"taxonomy":"post_tag","embeddable":true,"href":"https:\/\/www.polishscience.pl\/de\/wp-json\/wp\/v2\/tags?post=93300"}],"curies":[{"name":"wp","href":"https:\/\/api.w.org\/{rel}","templated":true}]}}