{"id":93294,"date":"2019-09-11T14:16:12","date_gmt":"2019-09-11T12:16:12","guid":{"rendered":"http:\/\/polishscience.pl\/?p=93294"},"modified":"2019-09-11T14:16:12","modified_gmt":"2019-09-11T12:16:12","slug":"debatte-anlaesslich-des-30-jahrestages-der-ernennung-der-regierung-von-tadeusz-mazowiecki-an-der-universitaet-warschau","status":"publish","type":"post","link":"https:\/\/www.polishscience.pl\/de\/debatte-anlaesslich-des-30-jahrestages-der-ernennung-der-regierung-von-tadeusz-mazowiecki-an-der-universitaet-warschau\/","title":{"rendered":"Debatte anl\u00e4sslich des 30. Jahrestages der Ernennung der Regierung von Tadeusz Mazowiecki an der Universit\u00e4t Warschau"},"content":{"rendered":"<p><strong>Anl\u00e4sslich des 30. Jahrestages der Ernennung der Regierung von Tadeusz Mazowiecki l\u00e4dt die Universit\u00e4t Warschau am 12. September 2019 zu einer Debatte, an der ehemalige Pr\u00e4sidenten Polens: Bronis\u0142aw Komorowski und Aleksander Kwa\u015bniewski teilnehmen werden, ein. Das Treffen hat einen offenen Charakter.<\/strong><\/p>\n<p>Das Treffen wird vom Tadeusz-Mazowiecki-Lehrstuhl der Universit\u00e4t Warschau organisiert. Mitorganisator der Veranstaltung ist die Stadt Warschau.<\/p>\n<p>Die Debatte wird der Aktualit\u00e4t der Botschaft vom Ministerpr\u00e4sidenten Mazowiecki und seiner Regierung gewidmet sein. Die Diskussionsteilnehmer werden versuchen, zu zeigen, was im Nachlass des Ministerpr\u00e4sidenten Mazowiecki wichtig und auch heute aktuell ist \u2013 teilt die Universit\u00e4t Warschau mit. Die Debatte wird Prof. Miros\u0142aw Wyrzkowski, Leiter des Rates des Tadeusz-Mazowiecki-Lehrstuhls leiten.<\/p>\n","protected":false},"excerpt":{"rendered":"<p>Anl\u00e4sslich des 30. Jahrestages der Ernennung der Regierung von Tadeusz Mazowiecki l\u00e4dt die Universit\u00e4t Warschau am 12. September 2019 zu einer Debatte, an der ehemalige Pr\u00e4sidenten Polens: Bronis\u0142aw Komorowski und Aleksander Kwa\u015bniewski teilnehmen werden, ein. Das Treffen hat einen offenen Charakter. Das Treffen wird vom Tadeusz-Mazowiecki-Lehrstuhl der Universit\u00e4t Warschau organisiert. Mitorganisator der Veranstaltung ist die [&hellip;]<\/p>\n","protected":false},"author":9,"featured_media":0,"comment_status":"closed","ping_status":"closed","sticky":false,"template":"","format":"standard","meta":[],"categories":[65],"tags":[],"_links":{"self":[{"href":"https:\/\/www.polishscience.pl\/de\/wp-json\/wp\/v2\/posts\/93294"}],"collection":[{"href":"https:\/\/www.polishscience.pl\/de\/wp-json\/wp\/v2\/posts"}],"about":[{"href":"https:\/\/www.polishscience.pl\/de\/wp-json\/wp\/v2\/types\/post"}],"author":[{"embeddable":true,"href":"https:\/\/www.polishscience.pl\/de\/wp-json\/wp\/v2\/users\/9"}],"replies":[{"embeddable":true,"href":"https:\/\/www.polishscience.pl\/de\/wp-json\/wp\/v2\/comments?post=93294"}],"version-history":[{"count":0,"href":"https:\/\/www.polishscience.pl\/de\/wp-json\/wp\/v2\/posts\/93294\/revisions"}],"wp:attachment":[{"href":"https:\/\/www.polishscience.pl\/de\/wp-json\/wp\/v2\/media?parent=93294"}],"wp:term":[{"taxonomy":"category","embeddable":true,"href":"https:\/\/www.polishscience.pl\/de\/wp-json\/wp\/v2\/categories?post=93294"},{"taxonomy":"post_tag","embeddable":true,"href":"https:\/\/www.polishscience.pl\/de\/wp-json\/wp\/v2\/tags?post=93294"}],"curies":[{"name":"wp","href":"https:\/\/api.w.org\/{rel}","templated":true}]}}