{"id":92614,"date":"2019-09-06T15:27:15","date_gmt":"2019-09-06T13:27:15","guid":{"rendered":"http:\/\/polishscience.pl\/?p=92614"},"modified":"2019-09-06T15:27:15","modified_gmt":"2019-09-06T13:27:15","slug":"tagung-der-polnischen-mathematiker-in-krakau","status":"publish","type":"post","link":"https:\/\/www.polishscience.pl\/de\/tagung-der-polnischen-mathematiker-in-krakau\/","title":{"rendered":"Tagung der Polnischen Mathematiker in Krakau"},"content":{"rendered":"<p><strong>Anl\u00e4sslich des 100. Jahrestages der Gr\u00fcndung der Polnischen Mathematischen Gesellschaft hat am 3. September 2019 in der Aula Auditorium Maximum der Jagiellonen-Universit\u00e4t die Jubil\u00e4umstagung der Polnischen Mathematiker angefangen. Das Treffen, an dem man \u00fcber wissenschaftliche Leistungen polnischer Mathematiker diskutieren wird, wird bis zum 7. September dauern.<\/strong><\/p>\n<p>Die Hauptgedanke der Tagung sollen die Worte von Roger Bacon werden: \u201eMathematik ist T\u00fcr und Schl\u00fcssel zu der Wissenschaft. Wer die Leistungen der Mathematik missachtet,\u00a0 schadet der ganzen Wissenschaft, denn dieser, der die Mathematik nicht kennt, kann andere exakte Wissenschaften und die Welt nicht kennen lernen\u201c \u2013 hat Prof. Stanis\u0142aw Kistryn, Prorektor der Jagiellonen-Universit\u00e4t gesagt.<\/p>\n<p>Der Dekan der Fakult\u00e4t f\u00fcr Mathematik und Informatik der Jagiellonen-Universit\u00e4t Prof. W\u0142odzimierz Zwonek hat einen Brief vorgelesen, den an die Organisatoren und Teilnehmer des Treffens der Minister f\u00fcr Wissenschaft und Hochschulbildung Jaros\u0142wa Gowin geschrieben hat. Der stellvertretende Ministerpr\u00e4sident hat geschrieben, dass \u201eer als ausgebildeter Philosoph eins der sch\u00f6nsten Ph\u00e4nomene, die das menschliche Gehirn kennt und praktiziert \u2013 die reine Mathematik, die ohne jegliche utilit\u00e4re Motivationen sich lediglich mit der Faszination, Wahrheit, Wissenschaft und Sch\u00f6nheit ern\u00e4hrt, verehrt\u201c.<\/p>\n","protected":false},"excerpt":{"rendered":"<p>Anl\u00e4sslich des 100. Jahrestages der Gr\u00fcndung der Polnischen Mathematischen Gesellschaft hat am 3. September 2019 in der Aula Auditorium Maximum der Jagiellonen-Universit\u00e4t die Jubil\u00e4umstagung der Polnischen Mathematiker angefangen. Das Treffen, an dem man \u00fcber wissenschaftliche Leistungen polnischer Mathematiker diskutieren wird, wird bis zum 7. September dauern. Die Hauptgedanke der Tagung sollen die Worte von Roger [&hellip;]<\/p>\n","protected":false},"author":9,"featured_media":0,"comment_status":"closed","ping_status":"closed","sticky":false,"template":"","format":"standard","meta":[],"categories":[65],"tags":[],"_links":{"self":[{"href":"https:\/\/www.polishscience.pl\/de\/wp-json\/wp\/v2\/posts\/92614"}],"collection":[{"href":"https:\/\/www.polishscience.pl\/de\/wp-json\/wp\/v2\/posts"}],"about":[{"href":"https:\/\/www.polishscience.pl\/de\/wp-json\/wp\/v2\/types\/post"}],"author":[{"embeddable":true,"href":"https:\/\/www.polishscience.pl\/de\/wp-json\/wp\/v2\/users\/9"}],"replies":[{"embeddable":true,"href":"https:\/\/www.polishscience.pl\/de\/wp-json\/wp\/v2\/comments?post=92614"}],"version-history":[{"count":0,"href":"https:\/\/www.polishscience.pl\/de\/wp-json\/wp\/v2\/posts\/92614\/revisions"}],"wp:attachment":[{"href":"https:\/\/www.polishscience.pl\/de\/wp-json\/wp\/v2\/media?parent=92614"}],"wp:term":[{"taxonomy":"category","embeddable":true,"href":"https:\/\/www.polishscience.pl\/de\/wp-json\/wp\/v2\/categories?post=92614"},{"taxonomy":"post_tag","embeddable":true,"href":"https:\/\/www.polishscience.pl\/de\/wp-json\/wp\/v2\/tags?post=92614"}],"curies":[{"name":"wp","href":"https:\/\/api.w.org\/{rel}","templated":true}]}}