{"id":92147,"date":"2019-09-04T15:15:30","date_gmt":"2019-09-04T13:15:30","guid":{"rendered":"http:\/\/polishscience.pl\/?p=92147"},"modified":"2019-09-04T15:15:30","modified_gmt":"2019-09-04T13:15:30","slug":"10-konferenz-aus-der-reihe-ausbildung-im-dialog-und-in-der-perspektive-in-augustow","status":"publish","type":"post","link":"https:\/\/www.polishscience.pl\/de\/10-konferenz-aus-der-reihe-ausbildung-im-dialog-und-in-der-perspektive-in-augustow\/","title":{"rendered":"10. Konferenz aus der Reihe Ausbildung im Dialog und in der Perspektive in August\u00f3w"},"content":{"rendered":"<p><strong>Beinahe 100 Wissenschaftler aus ganz Polen werden in August\u00f3w \u00fcber die Ver\u00e4nderungen im Bildungsbereich und \u00fcber Herausforderungen, die vor der Ausbildung stehen, diskutieren. Die 10. Konferenz aus der Reihe Ausbildung im Dialog und in der Perspektive wird vom 9. bis zum 10. September 2019 stattfinden. Sie wird von der Anstalt f\u00fcr Allgemeine Didaktik der Fakult\u00e4t f\u00fcr P\u00e4dagogik und Psychologie der Universit\u00e4t Bia\u0142ystok organisiert. <\/strong><\/p>\n<p>Die Wissenschaftler werden u.a. dar\u00fcber diskutieren, wie die gesellschaftlichen, kulturellen oder die Wanden auf dem Arbeitsmarkt die Ausbildung beeinflussen \u2013 informiert Katarzyna Dziedzik, Pressesprecherin der Universit\u00e4t Bia\u0142ystok. Im Programm der Konferenz sind auch Themen geplant, welche die akademische Didaktik, die Position und Rolle des Lehrers sowie neue Technologien in der Schule betreffen.<\/p>\n<p>Geplant ist auch eine feierliche Plenarsitzung anl\u00e4sslich des 90. Geburtstags von Prof. Jerzy Niemiec \u2013 Initiator, Begr\u00fcnder und Ehrengast der Wissenschaftlichen Treffen in August\u00f3w.<\/p>\n","protected":false},"excerpt":{"rendered":"<p>Beinahe 100 Wissenschaftler aus ganz Polen werden in August\u00f3w \u00fcber die Ver\u00e4nderungen im Bildungsbereich und \u00fcber Herausforderungen, die vor der Ausbildung stehen, diskutieren. Die 10. Konferenz aus der Reihe Ausbildung im Dialog und in der Perspektive wird vom 9. bis zum 10. September 2019 stattfinden. Sie wird von der Anstalt f\u00fcr Allgemeine Didaktik der Fakult\u00e4t [&hellip;]<\/p>\n","protected":false},"author":9,"featured_media":0,"comment_status":"closed","ping_status":"closed","sticky":false,"template":"","format":"standard","meta":[],"categories":[65],"tags":[],"_links":{"self":[{"href":"https:\/\/www.polishscience.pl\/de\/wp-json\/wp\/v2\/posts\/92147"}],"collection":[{"href":"https:\/\/www.polishscience.pl\/de\/wp-json\/wp\/v2\/posts"}],"about":[{"href":"https:\/\/www.polishscience.pl\/de\/wp-json\/wp\/v2\/types\/post"}],"author":[{"embeddable":true,"href":"https:\/\/www.polishscience.pl\/de\/wp-json\/wp\/v2\/users\/9"}],"replies":[{"embeddable":true,"href":"https:\/\/www.polishscience.pl\/de\/wp-json\/wp\/v2\/comments?post=92147"}],"version-history":[{"count":0,"href":"https:\/\/www.polishscience.pl\/de\/wp-json\/wp\/v2\/posts\/92147\/revisions"}],"wp:attachment":[{"href":"https:\/\/www.polishscience.pl\/de\/wp-json\/wp\/v2\/media?parent=92147"}],"wp:term":[{"taxonomy":"category","embeddable":true,"href":"https:\/\/www.polishscience.pl\/de\/wp-json\/wp\/v2\/categories?post=92147"},{"taxonomy":"post_tag","embeddable":true,"href":"https:\/\/www.polishscience.pl\/de\/wp-json\/wp\/v2\/tags?post=92147"}],"curies":[{"name":"wp","href":"https:\/\/api.w.org\/{rel}","templated":true}]}}