{"id":91724,"date":"2019-09-02T16:22:28","date_gmt":"2019-09-02T14:22:28","guid":{"rendered":"http:\/\/polishscience.pl\/?p=91724"},"modified":"2019-09-02T16:22:28","modified_gmt":"2019-09-02T14:22:28","slug":"generalkonferenz-des-europaeischen-konsortiums-fuer-politikforschung-in-september-in-breslau","status":"publish","type":"post","link":"https:\/\/www.polishscience.pl\/de\/generalkonferenz-des-europaeischen-konsortiums-fuer-politikforschung-in-september-in-breslau\/","title":{"rendered":"Generalkonferenz des Europ\u00e4ischen Konsortiums f\u00fcr Politikforschung in September in Breslau"},"content":{"rendered":"<p><strong>Das Institut f\u00fcr Politologie der Universit\u00e4t Breslau organisiert vom 4. bis zum 7. September die renommierte Generalkonferenz des Europ\u00e4ischen Konsortiums f\u00fcr Politikforschung <\/strong><strong>(European Consortium for Political Research, ECPR) \u2013 teilt die Universit\u00e4t mit.<\/strong><\/p>\n<p>Die Konferenz versammelt Politiker aus der ganzen Welt, die alle Subdisziplinen vertreten. Das Programm der Veranstaltung ist in Sektionen aufgeteilt, die aus 3 bis 8 Podiumsdiskussionen bestehen. Die Sektionen werden zu einem gemeinsamen Thema und Forschungsfragen organisiert. Die feierliche Er\u00f6ffnungszeremonie und der Einf\u00fchrungsvortrag werden am 5. September im Nationalen Musikforum Breslau stattfinden. Den Vortrag wird Prof. Grzegorz Ekiert von der Harvard University halten.<\/p>\n<p>European Consortium for Political Research ist 1970 entstanden. Es ist eine unabh\u00e4ngige wissenschaftliche Gesellschaft, die 350 Mitgliedeinrichtungen aus ca. 50 L\u00e4ndern vereinigt. Die erste Generalkonferenz der ECPR hat 2001 in Canterbury in Gro\u00dfbritannien stattgefunden.<\/p>\n","protected":false},"excerpt":{"rendered":"<p>Das Institut f\u00fcr Politologie der Universit\u00e4t Breslau organisiert vom 4. bis zum 7. September die renommierte Generalkonferenz des Europ\u00e4ischen Konsortiums f\u00fcr Politikforschung (European Consortium for Political Research, ECPR) \u2013 teilt die Universit\u00e4t mit. Die Konferenz versammelt Politiker aus der ganzen Welt, die alle Subdisziplinen vertreten. Das Programm der Veranstaltung ist in Sektionen aufgeteilt, die aus [&hellip;]<\/p>\n","protected":false},"author":9,"featured_media":0,"comment_status":"closed","ping_status":"closed","sticky":false,"template":"","format":"standard","meta":[],"categories":[65],"tags":[],"_links":{"self":[{"href":"https:\/\/www.polishscience.pl\/de\/wp-json\/wp\/v2\/posts\/91724"}],"collection":[{"href":"https:\/\/www.polishscience.pl\/de\/wp-json\/wp\/v2\/posts"}],"about":[{"href":"https:\/\/www.polishscience.pl\/de\/wp-json\/wp\/v2\/types\/post"}],"author":[{"embeddable":true,"href":"https:\/\/www.polishscience.pl\/de\/wp-json\/wp\/v2\/users\/9"}],"replies":[{"embeddable":true,"href":"https:\/\/www.polishscience.pl\/de\/wp-json\/wp\/v2\/comments?post=91724"}],"version-history":[{"count":0,"href":"https:\/\/www.polishscience.pl\/de\/wp-json\/wp\/v2\/posts\/91724\/revisions"}],"wp:attachment":[{"href":"https:\/\/www.polishscience.pl\/de\/wp-json\/wp\/v2\/media?parent=91724"}],"wp:term":[{"taxonomy":"category","embeddable":true,"href":"https:\/\/www.polishscience.pl\/de\/wp-json\/wp\/v2\/categories?post=91724"},{"taxonomy":"post_tag","embeddable":true,"href":"https:\/\/www.polishscience.pl\/de\/wp-json\/wp\/v2\/tags?post=91724"}],"curies":[{"name":"wp","href":"https:\/\/api.w.org\/{rel}","templated":true}]}}